{"id":174059,"date":"2021-03-25T19:44:56","date_gmt":"2021-03-25T17:44:56","guid":{"rendered":"http:\/\/107.6.182.27\/es\/?p=174059"},"modified":"2021-03-25T21:56:02","modified_gmt":"2021-03-25T19:56:02","slug":"estudiantes-sirios-en-hungria-exigen-fin-del-embargo-impuesto-a-su-pais","status":"publish","type":"post","link":"https:\/\/archive.sana.sy\/es\/?p=174059","title":{"rendered":"Estudiantes sirios en Hungr\u00eda exigen fin del embargo impuesto a su pa\u00eds"},"content":{"rendered":"<p style=\"text-align: justify;\"><strong><span style=\"color: #800000;\">Budapest, SANA<\/span><\/strong><\/p>\n<p style=\"text-align: justify;\">La sucursal de la Uni\u00f3n de Estudiantes Sirios en Hungr\u00eda, pidi\u00f3 a la Uni\u00f3n Europea que levante el injusto bloqueo y las medidas coercitivas unilaterales que impone al pueblo sirio.<\/p>\n<p style=\"text-align: justify;\">En un mensaje enviado a trav\u00e9s de sus representantes a la Uni\u00f3n Europea en Bruselas, la sucursal dijo: \u201cDespu\u00e9s de diez a\u00f1os de injusta guerra terrorista, y con todo el sufrimiento que trajo al pueblo sirio, creemos que ha llegado el momento para que la UE revise sus pol\u00edticas hacia Siria.\u201d<\/p>\n<p style=\"text-align: justify;\">La carta ped\u00eda a la UE que levante la injusticia impuesta al pueblo sirio y no imponga agendas, y que respete las opciones de este pueblo para determinar su futuro sin ning\u00fan dictado externo, y respete los principios de la democracia.<\/p>\n<p style=\"text-align: justify;\">El mensaje tambi\u00e9n ped\u00eda una acci\u00f3n inmediata para poner fin al injusto bloqueo econ\u00f3mico impuesto al pueblo sirio, que tiene un impacto negativo en todos los aspectos de la vida en Siria.<\/p>\n<p style=\"text-align: justify;\">La carta exhortaba a los pa\u00edses de la Uni\u00f3n Europea a restablecer las relaciones diplom\u00e1ticas con el gobierno sirio y a trabajar efectivamente en la reconstrucci\u00f3n del pa\u00eds y el logro de la paz lejos de los designios pol\u00edticos.<\/p>\n<p style=\"text-align: justify;\"><span style=\"color: #0000ff;\">sm\/rsh<\/span><\/p>\n","protected":false},"excerpt":{"rendered":"<p>Budapest, SANA La sucursal de la Uni\u00f3n de Estudiantes Sirios en Hungr\u00eda, pidi\u00f3 a la Uni\u00f3n Europea que levante el injusto bloqueo y las medidas coercitivas unilaterales que impone al pueblo sirio. En un mensaje enviado a trav\u00e9s de sus representantes a la Uni\u00f3n Europea en Bruselas, la sucursal dijo: \u201cDespu\u00e9s de diez a\u00f1os de &hellip;<\/p>\n","protected":false},"author":39,"featured_media":174060,"comment_status":"closed","ping_status":"closed","sticky":false,"template":"","format":"standard","meta":{"footnotes":""},"categories":[597,467],"tags":[],"class_list":["post-174059","post","type-post","status-publish","format-standard","has-post-thumbnail","","category-cinta-de-noticias","category-siria-y-el-mundo"],"_links":{"self":[{"href":"https:\/\/archive.sana.sy\/es\/index.php?rest_route=\/wp\/v2\/posts\/174059"}],"collection":[{"href":"https:\/\/archive.sana.sy\/es\/index.php?rest_route=\/wp\/v2\/posts"}],"about":[{"href":"https:\/\/archive.sana.sy\/es\/index.php?rest_route=\/wp\/v2\/types\/post"}],"author":[{"embeddable":true,"href":"https:\/\/archive.sana.sy\/es\/index.php?rest_route=\/wp\/v2\/users\/39"}],"replies":[{"embeddable":true,"href":"https:\/\/archive.sana.sy\/es\/index.php?rest_route=%2Fwp%2Fv2%2Fcomments&post=174059"}],"version-history":[{"count":0,"href":"https:\/\/archive.sana.sy\/es\/index.php?rest_route=\/wp\/v2\/posts\/174059\/revisions"}],"wp:featuredmedia":[{"embeddable":true,"href":"https:\/\/archive.sana.sy\/es\/index.php?rest_route=\/wp\/v2\/media\/174060"}],"wp:attachment":[{"href":"https:\/\/archive.sana.sy\/es\/index.php?rest_route=%2Fwp%2Fv2%2Fmedia&parent=174059"}],"wp:term":[{"taxonomy":"category","embeddable":true,"href":"https:\/\/archive.sana.sy\/es\/index.php?rest_route=%2Fwp%2Fv2%2Fcategories&post=174059"},{"taxonomy":"post_tag","embeddable":true,"href":"https:\/\/archive.sana.sy\/es\/index.php?rest_route=%2Fwp%2Fv2%2Ftags&post=174059"}],"curies":[{"name":"wp","href":"https:\/\/api.w.org\/{rel}","templated":true}]}}