{"id":174586,"date":"2021-03-31T16:48:48","date_gmt":"2021-03-31T13:48:48","guid":{"rendered":"http:\/\/107.6.182.27\/es\/?p=174586"},"modified":"2023-01-10T14:29:36","modified_gmt":"2023-01-10T12:29:36","slug":"estados-unidos-cierra-el-cerco-contra-siria","status":"publish","type":"post","link":"https:\/\/archive.sana.sy\/es\/?p=174586","title":{"rendered":"Estados Unidos cierra el criminal cerco contra Siria"},"content":{"rendered":"<p style=\"text-align: justify;\"><span style=\"color: #800000;\"><strong>Damasco, SANA<\/strong><\/span><\/p>\n<p style=\"text-align: justify;\">Siria denunci\u00f3 con insistencia que Estados Unidos cierra el cerco contra este pa\u00eds del Levante a lo largo de m\u00e1s de mil 500 kil\u00f3metros de fronteras en el norte y sureste del territorio nacional.<\/p>\n<p style=\"text-align: justify;\">Con el benepl\u00e1cito de la Uni\u00f3n Europea y en alianza con las llamadas Fuerzas Democr\u00e1ticas Sirias (FDS), la denominada coalici\u00f3n internacional saquea recursos naturales de \u00e1reas de las provincia de Hasaka, Deir Ezzor y Raqqa.<\/p>\n<p style=\"text-align: justify;\">Simult\u00e1neamente, promueve el respaldo a grupos terroristas como el Estado Isl\u00e1mico, Daesh en \u00e1rabe, desde la ilegal base de Al Tanef en el tri\u00e1ngulo fronterizo entre Siria, Iraq y Jordania, tal y como denuncia una reciente declaraci\u00f3n de la Canciller\u00eda en Damasco.<\/p>\n<p style=\"text-align: justify;\">En ese sentido, el Ministerio de Relaciones Exteriores calific\u00f3 la \u00faltima sesi\u00f3n del Consejo de Seguridad sobre la &#8216;situaci\u00f3n humanitaria en Siria&#8217; de un nuevo cap\u00edtulo de hipocres\u00eda estadounidense y occidental sin precedentes contra esta naci\u00f3n.<\/p>\n<p style=\"text-align: justify;\">&#8216;El enfoque de los delegados de los pa\u00edses occidentales, encabezados por el Secretario de Estado de Estados Unidos, Anthony Blinke es inhumano y pat\u00e9tico, y las administraciones estadounidenses anteriores son la principal causa de todo el sufrimiento del pueblo sirio&#8217;, afirm\u00f3 una declaraci\u00f3n emitida hoy.<\/p>\n<p style=\"text-align: justify;\">&#8216;La Carta de las Naciones Unidos y el Derecho Internacional condenan la imposici\u00f3n de medidas coercitivas unilaterales, rechazan la politizaci\u00f3n de los asuntos humanitarios.<\/p>\n<p style=\"text-align: justify;\">Y denuncian la ocupaci\u00f3n de tierras de otros y el saqueo de sus recursos naturales, as\u00ed como los intentos de imponer un cambio demogr\u00e1fico y medidas de anexi\u00f3n&#8217;, se\u00f1al\u00f3 el texto.<\/p>\n<p style=\"text-align: justify;\">Los datos al respecto, obviados por los medios occidentales y varios de la regi\u00f3n, indican que desde enero del presente a\u00f1o Washington consolid\u00f3 el control junto a las FDS, de vastos campos de petr\u00f3leo y gas con constantes entradas de caravanas de abastecimiento de todo tipo.<\/p>\n<p style=\"text-align: justify;\">Tales acciones, a partir del cruce fronterizo de Al Walid, en la regi\u00f3n del conocido kurdist\u00e1n iraqu\u00ed, convierte en altamente porosa una l\u00ednea fronteriza delimitada por las leyes internacionales y en violaci\u00f3n de \u00e9stas, algo sin precedentes en el Oriente Medio.<\/p>\n<p style=\"text-align: justify;\">La situaci\u00f3n actual, sumada a un intenso bloqueo comercial y financiero, provoca una seria crisis econ\u00f3mica en Siria, cuya p\u00e9rdidas en un decenio de guerra impuesta llegan a los 500 mil millones de d\u00f3lares y una cifra similar de muertos y mutilados.<\/p>\n<p style=\"text-align: justify;\">Asimismo, Washington y sus aliados manejan, de manera arbitraria, y con imprevisibles consecuencias, la crisis humanitaria en los campamentos de desplazados de Al Hol, en Hasaka y Rubkan, cercano a la instalaci\u00f3n militar estadounidense de Al Tanef, denuncian las autoridades sirias.<\/p>\n<p style=\"text-align: justify;\">Sobre el tema, Peter Maurer, presidente del Comit\u00e9 Internacional de la Cruz Roja, confirm\u00f3 que &#8216;el comit\u00e9 exigir\u00e1 el levantamiento del injusto bloqueo occidental y estadounidense sobre Siria y la provisi\u00f3n de ayuda m\u00e9dica y econ\u00f3mica, y la neutralizaci\u00f3n de las fuentes de agua, energ\u00eda y escuelas de los conflictos militares a los sirios&#8217;.<\/p>\n<p style=\"text-align: justify;\"><span style=\"color: #0000ff;\"><strong>Fuente: Prensa Latina<\/strong><\/span><\/p>\n","protected":false},"excerpt":{"rendered":"<p>Damasco, SANA Siria denunci\u00f3 con insistencia que Estados Unidos cierra el cerco contra este pa\u00eds del Levante a lo largo de m\u00e1s de mil 500 kil\u00f3metros de fronteras en el norte y sureste del territorio nacional. Con el benepl\u00e1cito de la Uni\u00f3n Europea y en alianza con las llamadas Fuerzas Democr\u00e1ticas Sirias (FDS), la denominada &hellip;<\/p>\n","protected":false},"author":34,"featured_media":174587,"comment_status":"closed","ping_status":"closed","sticky":false,"template":"","format":"standard","meta":{"footnotes":""},"categories":[447,477,16929,597,476,467,7541],"tags":[],"class_list":["post-174586","post","type-post","status-publish","format-standard","has-post-thumbnail","","category-local-politica","category-noticias-edulcorantes","category-articulos-de-opinion","category-cinta-de-noticias","category-locales","category-siria-y-el-mundo","category-ultimas-noticias"],"_links":{"self":[{"href":"https:\/\/archive.sana.sy\/es\/index.php?rest_route=\/wp\/v2\/posts\/174586"}],"collection":[{"href":"https:\/\/archive.sana.sy\/es\/index.php?rest_route=\/wp\/v2\/posts"}],"about":[{"href":"https:\/\/archive.sana.sy\/es\/index.php?rest_route=\/wp\/v2\/types\/post"}],"author":[{"embeddable":true,"href":"https:\/\/archive.sana.sy\/es\/index.php?rest_route=\/wp\/v2\/users\/34"}],"replies":[{"embeddable":true,"href":"https:\/\/archive.sana.sy\/es\/index.php?rest_route=%2Fwp%2Fv2%2Fcomments&post=174586"}],"version-history":[{"count":0,"href":"https:\/\/archive.sana.sy\/es\/index.php?rest_route=\/wp\/v2\/posts\/174586\/revisions"}],"wp:featuredmedia":[{"embeddable":true,"href":"https:\/\/archive.sana.sy\/es\/index.php?rest_route=\/wp\/v2\/media\/174587"}],"wp:attachment":[{"href":"https:\/\/archive.sana.sy\/es\/index.php?rest_route=%2Fwp%2Fv2%2Fmedia&parent=174586"}],"wp:term":[{"taxonomy":"category","embeddable":true,"href":"https:\/\/archive.sana.sy\/es\/index.php?rest_route=%2Fwp%2Fv2%2Fcategories&post=174586"},{"taxonomy":"post_tag","embeddable":true,"href":"https:\/\/archive.sana.sy\/es\/index.php?rest_route=%2Fwp%2Fv2%2Ftags&post=174586"}],"curies":[{"name":"wp","href":"https:\/\/api.w.org\/{rel}","templated":true}]}}