{"id":174598,"date":"2021-03-31T17:30:22","date_gmt":"2021-03-31T14:30:22","guid":{"rendered":"http:\/\/107.6.182.27\/es\/?p=174598"},"modified":"2023-01-10T15:14:22","modified_gmt":"2023-01-10T13:14:22","slug":"colocan-piedra-angular-de-un-proyecto-de-conjuntos-residenciales-con-casi-5-mil-apartamentos-en-homs","status":"publish","type":"post","link":"https:\/\/archive.sana.sy\/es\/?p=174598","title":{"rendered":"Colocan piedra angular de un proyecto de conjuntos residenciales con casi 5 mil apartamentos en Homs"},"content":{"rendered":"<p style=\"text-align: justify\"><span style=\"color: #800000\">Homs, SANA<\/span><\/p>\n<p style=\"text-align: justify\">El Ministerio de Obras P\u00fablicas y Viviendas coloc\u00f3 hoy el mi\u00e9rcoles la piedra angular del proyecto del suburbio \u201cEmissa Hills\u201d en el \u00e1rea de Um Al-Ezam situada en la provincia central de Homs.<\/p>\n<p style=\"text-align: justify\">El proyecto se extiende sobre un \u00e1rea de 95 hect\u00e1reas e abarcar\u00e1 5 mil 300 unidades de viviendas, incluidos 4 mil 910 apartamentos y 390 villas, adem\u00e1s de centros tur\u00edsticos, educativos, comerciales, m\u00e9dicos, religiosos y de entretenimiento, parques, espacios de juego y otros servicios p\u00fablicos.<\/p>\n<p style=\"text-align: justify\">Al respecto, el Ministro de Obras P\u00fablicas y Viviendas, Suhail Abdul Latif, declar\u00f3 a la prensa que el proyecto se trata de la primera zona de desarrollo inmobiliario tanto en la provincia de Homs como en Siria y refleja una importante participaci\u00f3n del sector privado en el proceso de construcci\u00f3n.<\/p>\n<p style=\"text-align: justify\">Destac\u00f3 que el mismo est\u00e1 ubicado dentro de un \u00e1rea de desarrollo sostenible y constituir\u00e1 en el futuro el n\u00facleo de muchos conjuntos residenciales en esta \u00e1rea.<\/p>\n<p style=\"text-align: justify\">Asimismo aludi\u00f3 a la importancia social, tur\u00edstica y econ\u00f3mica del proyecto debido a su ubicaci\u00f3n con vista al lago Qattinah y al \u00e1rea de energ\u00eda e\u00f3lica.<\/p>\n<p style=\"text-align: justify\">Por su parte, Ali Samha, Director de la Compa\u00f1\u00eda Emissa explic\u00f3 que el proyecto se ejecutar\u00e1 en 4 fases cada fase puede durar 4 a\u00f1os, y a\u00f1adi\u00f3 que Emissa Hills se considera uno de los conjuntos residenciales amigables con el medio ambiente tomando en cuenta el uso de energ\u00edas alternativas en los servicios que brinda.<\/p>\n<p style=\"text-align: justify\"><span style=\"color: #0000ff\"><strong><em>la<\/em><\/strong><\/span><\/p>\n<div id='gallery-1' class='gallery galleryid-174598 gallery-columns-3 gallery-size-large'><figure class='gallery-item'>\n\t\t\t<div class='gallery-icon landscape'>\n\t\t\t\t<a href='https:\/\/archive.sana.sy\/es\/wp-content\/uploads\/2021\/03\/photo_2021-03-31_14-00-02-scaled.jpg'><img loading=\"lazy\" decoding=\"async\" width=\"618\" height=\"412\" src=\"https:\/\/archive.sana.sy\/es\/wp-content\/uploads\/2021\/03\/photo_2021-03-31_14-00-02-1024x683.jpg\" class=\"attachment-large size-large\" alt=\"\" srcset=\"https:\/\/archive.sana.sy\/es\/wp-content\/uploads\/2021\/03\/photo_2021-03-31_14-00-02-1024x683.jpg 1024w, https:\/\/archive.sana.sy\/es\/wp-content\/uploads\/2021\/03\/photo_2021-03-31_14-00-02-300x200.jpg 300w, https:\/\/archive.sana.sy\/es\/wp-content\/uploads\/2021\/03\/photo_2021-03-31_14-00-02-150x100.jpg 150w, https:\/\/archive.sana.sy\/es\/wp-content\/uploads\/2021\/03\/photo_2021-03-31_14-00-02-768x512.jpg 768w, https:\/\/archive.sana.sy\/es\/wp-content\/uploads\/2021\/03\/photo_2021-03-31_14-00-02-1536x1025.jpg 1536w, https:\/\/archive.sana.sy\/es\/wp-content\/uploads\/2021\/03\/photo_2021-03-31_14-00-02-2048x1366.jpg 2048w\" sizes=\"(max-width: 618px) 100vw, 618px\" \/><\/a>\n\t\t\t<\/div><\/figure><figure class='gallery-item'>\n\t\t\t<div class='gallery-icon landscape'>\n\t\t\t\t<a href='https:\/\/archive.sana.sy\/es\/wp-content\/uploads\/2021\/03\/photo_2021-03-31_14-00-04-scaled.jpg'><img loading=\"lazy\" decoding=\"async\" width=\"618\" height=\"381\" src=\"https:\/\/archive.sana.sy\/es\/wp-content\/uploads\/2021\/03\/photo_2021-03-31_14-00-04-1024x631.jpg\" class=\"attachment-large size-large\" alt=\"\" srcset=\"https:\/\/archive.sana.sy\/es\/wp-content\/uploads\/2021\/03\/photo_2021-03-31_14-00-04-1024x631.jpg 1024w, https:\/\/archive.sana.sy\/es\/wp-content\/uploads\/2021\/03\/photo_2021-03-31_14-00-04-300x185.jpg 300w, https:\/\/archive.sana.sy\/es\/wp-content\/uploads\/2021\/03\/photo_2021-03-31_14-00-04-150x92.jpg 150w, https:\/\/archive.sana.sy\/es\/wp-content\/uploads\/2021\/03\/photo_2021-03-31_14-00-04-768x473.jpg 768w, https:\/\/archive.sana.sy\/es\/wp-content\/uploads\/2021\/03\/photo_2021-03-31_14-00-04-1536x947.jpg 1536w, https:\/\/archive.sana.sy\/es\/wp-content\/uploads\/2021\/03\/photo_2021-03-31_14-00-04-2048x1262.jpg 2048w\" sizes=\"(max-width: 618px) 100vw, 618px\" \/><\/a>\n\t\t\t<\/div><\/figure><figure class='gallery-item'>\n\t\t\t<div class='gallery-icon landscape'>\n\t\t\t\t<a href='https:\/\/archive.sana.sy\/es\/wp-content\/uploads\/2021\/03\/photo_2021-03-31_14-00-18-2-scaled.jpg'><img loading=\"lazy\" decoding=\"async\" width=\"618\" height=\"412\" src=\"https:\/\/archive.sana.sy\/es\/wp-content\/uploads\/2021\/03\/photo_2021-03-31_14-00-18-2-1024x683.jpg\" class=\"attachment-large size-large\" alt=\"\" srcset=\"https:\/\/archive.sana.sy\/es\/wp-content\/uploads\/2021\/03\/photo_2021-03-31_14-00-18-2-1024x683.jpg 1024w, https:\/\/archive.sana.sy\/es\/wp-content\/uploads\/2021\/03\/photo_2021-03-31_14-00-18-2-300x200.jpg 300w, https:\/\/archive.sana.sy\/es\/wp-content\/uploads\/2021\/03\/photo_2021-03-31_14-00-18-2-150x100.jpg 150w, https:\/\/archive.sana.sy\/es\/wp-content\/uploads\/2021\/03\/photo_2021-03-31_14-00-18-2-768x512.jpg 768w, https:\/\/archive.sana.sy\/es\/wp-content\/uploads\/2021\/03\/photo_2021-03-31_14-00-18-2-1536x1025.jpg 1536w, https:\/\/archive.sana.sy\/es\/wp-content\/uploads\/2021\/03\/photo_2021-03-31_14-00-18-2-2048x1366.jpg 2048w\" sizes=\"(max-width: 618px) 100vw, 618px\" \/><\/a>\n\t\t\t<\/div><\/figure><figure class='gallery-item'>\n\t\t\t<div class='gallery-icon landscape'>\n\t\t\t\t<a href='https:\/\/archive.sana.sy\/es\/wp-content\/uploads\/2021\/03\/photo_2021-03-31_14-00-20-scaled.jpg'><img loading=\"lazy\" decoding=\"async\" width=\"618\" height=\"440\" src=\"https:\/\/archive.sana.sy\/es\/wp-content\/uploads\/2021\/03\/photo_2021-03-31_14-00-20-1024x729.jpg\" class=\"attachment-large size-large\" alt=\"\" srcset=\"https:\/\/archive.sana.sy\/es\/wp-content\/uploads\/2021\/03\/photo_2021-03-31_14-00-20-1024x729.jpg 1024w, https:\/\/archive.sana.sy\/es\/wp-content\/uploads\/2021\/03\/photo_2021-03-31_14-00-20-300x214.jpg 300w, https:\/\/archive.sana.sy\/es\/wp-content\/uploads\/2021\/03\/photo_2021-03-31_14-00-20-150x107.jpg 150w, https:\/\/archive.sana.sy\/es\/wp-content\/uploads\/2021\/03\/photo_2021-03-31_14-00-20-768x547.jpg 768w, https:\/\/archive.sana.sy\/es\/wp-content\/uploads\/2021\/03\/photo_2021-03-31_14-00-20-1536x1094.jpg 1536w, https:\/\/archive.sana.sy\/es\/wp-content\/uploads\/2021\/03\/photo_2021-03-31_14-00-20-2048x1459.jpg 2048w\" sizes=\"(max-width: 618px) 100vw, 618px\" \/><\/a>\n\t\t\t<\/div><\/figure><figure class='gallery-item'>\n\t\t\t<div class='gallery-icon landscape'>\n\t\t\t\t<a href='https:\/\/archive.sana.sy\/es\/wp-content\/uploads\/2021\/03\/photo_2021-03-31_14-01-57-scaled.jpg'><img loading=\"lazy\" decoding=\"async\" width=\"618\" height=\"392\" src=\"https:\/\/archive.sana.sy\/es\/wp-content\/uploads\/2021\/03\/photo_2021-03-31_14-01-57-1024x649.jpg\" class=\"attachment-large size-large\" alt=\"\" srcset=\"https:\/\/archive.sana.sy\/es\/wp-content\/uploads\/2021\/03\/photo_2021-03-31_14-01-57-1024x649.jpg 1024w, https:\/\/archive.sana.sy\/es\/wp-content\/uploads\/2021\/03\/photo_2021-03-31_14-01-57-300x190.jpg 300w, https:\/\/archive.sana.sy\/es\/wp-content\/uploads\/2021\/03\/photo_2021-03-31_14-01-57-150x95.jpg 150w, https:\/\/archive.sana.sy\/es\/wp-content\/uploads\/2021\/03\/photo_2021-03-31_14-01-57-768x486.jpg 768w, https:\/\/archive.sana.sy\/es\/wp-content\/uploads\/2021\/03\/photo_2021-03-31_14-01-57-1536x973.jpg 1536w, https:\/\/archive.sana.sy\/es\/wp-content\/uploads\/2021\/03\/photo_2021-03-31_14-01-57-2048x1297.jpg 2048w\" sizes=\"(max-width: 618px) 100vw, 618px\" \/><\/a>\n\t\t\t<\/div><\/figure>\n\t\t<\/div>\n\n","protected":false},"excerpt":{"rendered":"<p>Homs, SANA El Ministerio de Obras P\u00fablicas y Viviendas coloc\u00f3 hoy el mi\u00e9rcoles la piedra angular del proyecto del suburbio \u201cEmissa Hills\u201d en el \u00e1rea de Um Al-Ezam situada en la provincia central de Homs. El proyecto se extiende sobre un \u00e1rea de 95 hect\u00e1reas e abarcar\u00e1 5 mil 300 unidades de viviendas, incluidos 4 &hellip;<\/p>\n","protected":false},"author":24,"featured_media":174599,"comment_status":"closed","ping_status":"closed","sticky":false,"template":"","format":"standard","meta":{"footnotes":""},"categories":[16686,485],"tags":[],"class_list":["post-174598","post","type-post","status-publish","format-standard","has-post-thumbnail","","category-economia","category-informes-negocios-y-finanzas"],"_links":{"self":[{"href":"https:\/\/archive.sana.sy\/es\/index.php?rest_route=\/wp\/v2\/posts\/174598"}],"collection":[{"href":"https:\/\/archive.sana.sy\/es\/index.php?rest_route=\/wp\/v2\/posts"}],"about":[{"href":"https:\/\/archive.sana.sy\/es\/index.php?rest_route=\/wp\/v2\/types\/post"}],"author":[{"embeddable":true,"href":"https:\/\/archive.sana.sy\/es\/index.php?rest_route=\/wp\/v2\/users\/24"}],"replies":[{"embeddable":true,"href":"https:\/\/archive.sana.sy\/es\/index.php?rest_route=%2Fwp%2Fv2%2Fcomments&post=174598"}],"version-history":[{"count":0,"href":"https:\/\/archive.sana.sy\/es\/index.php?rest_route=\/wp\/v2\/posts\/174598\/revisions"}],"wp:featuredmedia":[{"embeddable":true,"href":"https:\/\/archive.sana.sy\/es\/index.php?rest_route=\/wp\/v2\/media\/174599"}],"wp:attachment":[{"href":"https:\/\/archive.sana.sy\/es\/index.php?rest_route=%2Fwp%2Fv2%2Fmedia&parent=174598"}],"wp:term":[{"taxonomy":"category","embeddable":true,"href":"https:\/\/archive.sana.sy\/es\/index.php?rest_route=%2Fwp%2Fv2%2Fcategories&post=174598"},{"taxonomy":"post_tag","embeddable":true,"href":"https:\/\/archive.sana.sy\/es\/index.php?rest_route=%2Fwp%2Fv2%2Ftags&post=174598"}],"curies":[{"name":"wp","href":"https:\/\/api.w.org\/{rel}","templated":true}]}}