{"id":174608,"date":"2021-03-31T19:38:32","date_gmt":"2021-03-31T16:38:32","guid":{"rendered":"http:\/\/107.6.182.27\/es\/?p=174608"},"modified":"2023-01-10T15:14:21","modified_gmt":"2023-01-10T13:14:21","slug":"100-empresas-locales-y-extranjeras-participaran-manana-en-las-ferias-de-las-industrias-quimicas-y-plasticas-en-damasco","status":"publish","type":"post","link":"https:\/\/archive.sana.sy\/es\/?p=174608","title":{"rendered":"100 empresas locales y extranjeras participar\u00e1n ma\u00f1ana en las Ferias de las Industrias Qu\u00edmicas y Pl\u00e1sticas en Damasco"},"content":{"rendered":"<p style=\"text-align: justify\"><span style=\"color: #800000\">Damasco, SANA<\/span><\/p>\n<p style=\"text-align: justify\">Con la participaci\u00f3n de m\u00e1s de 100 empresas locales, \u00e1rabes y extranjeras, inician ma\u00f1ana el jueves las actividades de la 2\u00aa Feria Internacional para las Industrias Pl\u00e1sticas \u201cSyriaPlast\u201d y la Feria de las Industrias Qu\u00edmicas \u201cChem Expo\u201d, eventos que tendr\u00e1n lugar a lo largo de cuatro d\u00edas en la ciudad ferial de Damasco.<\/p>\n<p style=\"text-align: justify\">El director de la empresa organizadora de ambas exposiciones, Khalaf Mashhadani, revel\u00f3 en un comunicado a SANA que m\u00e1s de 100 empresarios \u00e1rabes estar\u00e1n presentes en la Feria, lo que constituye una importante oportunidad para concretar acuerdos, entendimientos, asociaciones y contratos de exportaci\u00f3n de los productos sirios.<\/p>\n<p style=\"text-align: justify\">En la feria &#8220;Chem Expo&#8221; se expondr\u00e1n los productos de las empresas especializadas en la industria qu\u00edmica de los sectores de la medicina, productos de limpieza, alimentos, petroqu\u00edmicos, pinturas, cosm\u00e9ticos etc., mientras que la feria SyriaPlast abarcar\u00e1 todo lo relacionado con la industria del pl\u00e1stico, tales como las m\u00e1quinas usadas, los productos qu\u00edmicos, las materias primas, y todas las innovaciones en el campo de la tecnolog\u00eda de fabricaci\u00f3n del caucho y el nailon.<\/p>\n<p style=\"text-align: justify\"><strong><span style=\"color: #0000ff\"><em>la<\/em><\/span><\/strong><\/p>\n<p style=\"text-align: justify\">\n","protected":false},"excerpt":{"rendered":"<p>Damasco, SANA Con la participaci\u00f3n de m\u00e1s de 100 empresas locales, \u00e1rabes y extranjeras, inician ma\u00f1ana el jueves las actividades de la 2\u00aa Feria Internacional para las Industrias Pl\u00e1sticas \u201cSyriaPlast\u201d y la Feria de las Industrias Qu\u00edmicas \u201cChem Expo\u201d, eventos que tendr\u00e1n lugar a lo largo de cuatro d\u00edas en la ciudad ferial de Damasco. &hellip;<\/p>\n","protected":false},"author":24,"featured_media":174611,"comment_status":"closed","ping_status":"closed","sticky":false,"template":"","format":"standard","meta":{"footnotes":""},"categories":[16686,485],"tags":[],"class_list":["post-174608","post","type-post","status-publish","format-standard","has-post-thumbnail","","category-economia","category-informes-negocios-y-finanzas"],"_links":{"self":[{"href":"https:\/\/archive.sana.sy\/es\/index.php?rest_route=\/wp\/v2\/posts\/174608"}],"collection":[{"href":"https:\/\/archive.sana.sy\/es\/index.php?rest_route=\/wp\/v2\/posts"}],"about":[{"href":"https:\/\/archive.sana.sy\/es\/index.php?rest_route=\/wp\/v2\/types\/post"}],"author":[{"embeddable":true,"href":"https:\/\/archive.sana.sy\/es\/index.php?rest_route=\/wp\/v2\/users\/24"}],"replies":[{"embeddable":true,"href":"https:\/\/archive.sana.sy\/es\/index.php?rest_route=%2Fwp%2Fv2%2Fcomments&post=174608"}],"version-history":[{"count":0,"href":"https:\/\/archive.sana.sy\/es\/index.php?rest_route=\/wp\/v2\/posts\/174608\/revisions"}],"wp:featuredmedia":[{"embeddable":true,"href":"https:\/\/archive.sana.sy\/es\/index.php?rest_route=\/wp\/v2\/media\/174611"}],"wp:attachment":[{"href":"https:\/\/archive.sana.sy\/es\/index.php?rest_route=%2Fwp%2Fv2%2Fmedia&parent=174608"}],"wp:term":[{"taxonomy":"category","embeddable":true,"href":"https:\/\/archive.sana.sy\/es\/index.php?rest_route=%2Fwp%2Fv2%2Fcategories&post=174608"},{"taxonomy":"post_tag","embeddable":true,"href":"https:\/\/archive.sana.sy\/es\/index.php?rest_route=%2Fwp%2Fv2%2Ftags&post=174608"}],"curies":[{"name":"wp","href":"https:\/\/api.w.org\/{rel}","templated":true}]}}