{"id":174618,"date":"2021-03-31T20:43:26","date_gmt":"2021-03-31T17:43:26","guid":{"rendered":"http:\/\/107.6.182.27\/es\/?p=174618"},"modified":"2021-03-31T20:43:26","modified_gmt":"2021-03-31T17:43:26","slug":"nasrallah-apoyo-de-siria-a-la-causa-palestina-y-el-eje-de-la-resistencia-son-principales-causas-de-la-guerra-en-su-contra","status":"publish","type":"post","link":"https:\/\/archive.sana.sy\/es\/?p=174618","title":{"rendered":"Nasrallah: Apoyo de Siria a la causa palestina y el Eje de la Resistencia son principales causas de la guerra en su contra"},"content":{"rendered":"<p><span style=\"color: #800000;\">Beirut, SANA<\/span><\/p>\n<p style=\"text-align: justify;\">El secretario general de Hizbollah, Sayyed Hassan Nasrallah, afirm\u00f3 que al cumplirse una d\u00e9cada de la crisis en Siria se vuelve m\u00e1s clara la naturaleza de la guerra terrorista lanzada contra ella y sus principales patrocinadores, refiri\u00e9ndose al papel de Estados Unidos, la Uni\u00f3n Europea y algunos reg\u00edmenes \u00e1rabes.<\/p>\n<p style=\"text-align: justify;\">&#8220;El apoyo de Siria a la causa palestina y al eje de la resistencia fue una de las razones m\u00e1s importantes de dicha guerra terrorista&#8221;, explic\u00f3 Sayyed Nasrallah, durante una ceremonia conmemorativa organizada por la Asociaci\u00f3n de Ulemas Musulmanes en honor al difunto Cheikh Ahmed Al-Zein.<\/p>\n<p style=\"text-align: justify;\">En otra parte de sus declaraciones, Nasrallah enfatiz\u00f3 que la firmeza palestina derroc\u00f3 (el acuerdo del siglo), agregando que &#8220;tal acuerdo muri\u00f3 debido a la firmeza de los palestinos y la ca\u00edda de su primer pilar, que es el presidente de Estados Unidos, Donald Trump &#8220;.<\/p>\n<p>En cuanto a Yemen, Sayyed Nasrallah se\u00f1al\u00f3 que el anuncio del r\u00e9gimen saud\u00ed de una iniciativa para poner fin a la guerra en Yemen forma parte de una nueva guerra medi\u00e1tica lanzada contra el pueblo yemen\u00ed.<\/p>\n<p style=\"text-align: justify;\">Sobre el tema liban\u00e9s, Sayyed Nasrallah dijo: existen complicaciones, pero no estamos en la etapa de desesperaci\u00f3n, y enfatiz\u00f3 que se est\u00e1n realizando serios y colectivos esfuerzos para superar los obst\u00e1culos en el pa\u00eds.<\/p>\n<p><em>mm<\/em><\/p>\n","protected":false},"excerpt":{"rendered":"<p>Beirut, SANA El secretario general de Hizbollah, Sayyed Hassan Nasrallah, afirm\u00f3 que al cumplirse una d\u00e9cada de la crisis en Siria se vuelve m\u00e1s clara la naturaleza de la guerra terrorista lanzada contra ella y sus principales patrocinadores, refiri\u00e9ndose al papel de Estados Unidos, la Uni\u00f3n Europea y algunos reg\u00edmenes \u00e1rabes. &#8220;El apoyo de Siria &hellip;<\/p>\n","protected":false},"author":36,"featured_media":174619,"comment_status":"closed","ping_status":"closed","sticky":false,"template":"","format":"standard","meta":{"footnotes":""},"categories":[597,467,7541],"tags":[],"class_list":["post-174618","post","type-post","status-publish","format-standard","has-post-thumbnail","","category-cinta-de-noticias","category-siria-y-el-mundo","category-ultimas-noticias"],"_links":{"self":[{"href":"https:\/\/archive.sana.sy\/es\/index.php?rest_route=\/wp\/v2\/posts\/174618"}],"collection":[{"href":"https:\/\/archive.sana.sy\/es\/index.php?rest_route=\/wp\/v2\/posts"}],"about":[{"href":"https:\/\/archive.sana.sy\/es\/index.php?rest_route=\/wp\/v2\/types\/post"}],"author":[{"embeddable":true,"href":"https:\/\/archive.sana.sy\/es\/index.php?rest_route=\/wp\/v2\/users\/36"}],"replies":[{"embeddable":true,"href":"https:\/\/archive.sana.sy\/es\/index.php?rest_route=%2Fwp%2Fv2%2Fcomments&post=174618"}],"version-history":[{"count":0,"href":"https:\/\/archive.sana.sy\/es\/index.php?rest_route=\/wp\/v2\/posts\/174618\/revisions"}],"wp:featuredmedia":[{"embeddable":true,"href":"https:\/\/archive.sana.sy\/es\/index.php?rest_route=\/wp\/v2\/media\/174619"}],"wp:attachment":[{"href":"https:\/\/archive.sana.sy\/es\/index.php?rest_route=%2Fwp%2Fv2%2Fmedia&parent=174618"}],"wp:term":[{"taxonomy":"category","embeddable":true,"href":"https:\/\/archive.sana.sy\/es\/index.php?rest_route=%2Fwp%2Fv2%2Fcategories&post=174618"},{"taxonomy":"post_tag","embeddable":true,"href":"https:\/\/archive.sana.sy\/es\/index.php?rest_route=%2Fwp%2Fv2%2Ftags&post=174618"}],"curies":[{"name":"wp","href":"https:\/\/api.w.org\/{rel}","templated":true}]}}