{"id":174621,"date":"2021-03-31T22:05:05","date_gmt":"2021-03-31T19:05:05","guid":{"rendered":"http:\/\/107.6.182.27\/es\/?p=174621"},"modified":"2021-04-01T13:20:35","modified_gmt":"2021-04-01T10:20:35","slug":"siria-la-v-conferencia-de-bruselas-sin-presencia-del-gobierno-sirio-viola-principios-de-la-carta-de-la-onu","status":"publish","type":"post","link":"https:\/\/archive.sana.sy\/es\/?p=174621","title":{"rendered":"Quinta Conferencia de Bruselas carece de legitimidad, afirma Damasco"},"content":{"rendered":"<p style=\"text-align: justify;\"><strong><span style=\"color: #800000;\">Damasco, SANA<\/span><\/strong><\/p>\n<p style=\"text-align: justify;\">Siria denunci\u00f3 la celebraci\u00f3n de la llamada Conferencia de Donantes de Bruselas sin invitaci\u00f3n o presencia del gobierno sirio.<\/p>\n<p style=\"text-align: justify;\">La Rep\u00fablica \u00c1rabe Siria ratifica su rechazo a esa conferencia que carece de legitimidad, y pide a sus organizadores que desistan de estas pol\u00edticas fallidas y adopten un enfoque realista y constructivo al trabajar con el gobierno sirio para satisfacer las necesidades b\u00e1sicas del pueblo sirio, anunci\u00f3 el Ministerio de Exteriores y Expatriados por medio de una carta enviada al Secretario General de las Naciones Unidos y el presidente del Consejo de Seguridad.<\/p>\n<p style=\"text-align: justify;\">La misiva agreg\u00f3 que la participaci\u00f3n de las Naciones Unidas en este evento en ausencia del gobierno del pa\u00eds en cuesti\u00f3n es una clara violaci\u00f3n de los principios de la Carta de las Naciones Unidas y las resoluciones pertinentes del Consejo de Seguridad, que exigen el respeto a la soberan\u00eda e independencia de la Rep\u00fablica \u00c1rabe Siria.<\/p>\n<p style=\"text-align: justify;\">La imposici\u00f3n de medidas coercitivas unilaterales se han convertido, en el caso de Siria y de otros pa\u00edses, en una especie de terrorismo econ\u00f3mico y castigo colectivo\u201d, agreg\u00f3 el texto.<\/p>\n<p style=\"text-align: justify;\">Afirm\u00f3 que los hechos demostraron que esta conferencia es una herramienta de presi\u00f3n y chantaje en manos de los donantes para imponer sus dictados sobre los mecanismos de brindar ayuda humanitaria y politizar el trabajo humanitario.<\/p>\n<p style=\"text-align: justify;\">La repetici\u00f3n de condiciones por parte de representantes de la Uni\u00f3n Europea para contribuir a la labor del desarrollo en Siria obstaculiza los esfuerzos para la reconstrucci\u00f3n y rehabilitaci\u00f3n de instalaciones civiles y la infraestructura necesaria para asegurar ambiente apropiado para el regreso de refugiados y desplazados a sus \u00e1reas de origen con dignidad y seguridad\u201d, resalt\u00f3.<\/p>\n<p style=\"text-align: justify;\">Asimismo, la Canciller\u00eda reiter\u00f3 que mejorar la situaci\u00f3n de vida del pueblo sirio requiere de una cooperaci\u00f3n seria y constructiva con el gobierno sirio y apoyar sus esfuerzos en esta direcci\u00f3n y que el centro de la acci\u00f3n humanitaria es Damasco y no otra ciudad en otros pa\u00edses.<\/p>\n<p style=\"text-align: justify;\"><strong><span style=\"color: #0000ff;\">mm\/fm<\/span><\/strong><\/p>\n","protected":false},"excerpt":{"rendered":"<p>Damasco, SANA Siria denunci\u00f3 la celebraci\u00f3n de la llamada Conferencia de Donantes de Bruselas sin invitaci\u00f3n o presencia del gobierno sirio. La Rep\u00fablica \u00c1rabe Siria ratifica su rechazo a esa conferencia que carece de legitimidad, y pide a sus organizadores que desistan de estas pol\u00edticas fallidas y adopten un enfoque realista y constructivo al trabajar &hellip;<\/p>\n","protected":false},"author":36,"featured_media":174622,"comment_status":"closed","ping_status":"closed","sticky":false,"template":"","format":"standard","meta":{"footnotes":""},"categories":[597,467,583],"tags":[],"class_list":["post-174621","post","type-post","status-publish","format-standard","has-post-thumbnail","","category-cinta-de-noticias","category-siria-y-el-mundo","category-slide"],"_links":{"self":[{"href":"https:\/\/archive.sana.sy\/es\/index.php?rest_route=\/wp\/v2\/posts\/174621"}],"collection":[{"href":"https:\/\/archive.sana.sy\/es\/index.php?rest_route=\/wp\/v2\/posts"}],"about":[{"href":"https:\/\/archive.sana.sy\/es\/index.php?rest_route=\/wp\/v2\/types\/post"}],"author":[{"embeddable":true,"href":"https:\/\/archive.sana.sy\/es\/index.php?rest_route=\/wp\/v2\/users\/36"}],"replies":[{"embeddable":true,"href":"https:\/\/archive.sana.sy\/es\/index.php?rest_route=%2Fwp%2Fv2%2Fcomments&post=174621"}],"version-history":[{"count":0,"href":"https:\/\/archive.sana.sy\/es\/index.php?rest_route=\/wp\/v2\/posts\/174621\/revisions"}],"wp:featuredmedia":[{"embeddable":true,"href":"https:\/\/archive.sana.sy\/es\/index.php?rest_route=\/wp\/v2\/media\/174622"}],"wp:attachment":[{"href":"https:\/\/archive.sana.sy\/es\/index.php?rest_route=%2Fwp%2Fv2%2Fmedia&parent=174621"}],"wp:term":[{"taxonomy":"category","embeddable":true,"href":"https:\/\/archive.sana.sy\/es\/index.php?rest_route=%2Fwp%2Fv2%2Fcategories&post=174621"},{"taxonomy":"post_tag","embeddable":true,"href":"https:\/\/archive.sana.sy\/es\/index.php?rest_route=%2Fwp%2Fv2%2Ftags&post=174621"}],"curies":[{"name":"wp","href":"https:\/\/api.w.org\/{rel}","templated":true}]}}