{"id":174682,"date":"2021-04-01T17:05:30","date_gmt":"2021-04-01T14:05:30","guid":{"rendered":"http:\/\/107.6.182.27\/es\/?p=174682"},"modified":"2023-01-10T15:14:21","modified_gmt":"2023-01-10T13:14:21","slug":"rehabilitan-el-80-por-ciento-de-red-electrica-afectada-por-terrorismo-en-homs","status":"publish","type":"post","link":"https:\/\/archive.sana.sy\/es\/?p=174682","title":{"rendered":"Rehabilitan el 80 por ciento de red el\u00e9ctrica afectada por terrorismo en Homs"},"content":{"rendered":"<p style=\"text-align: justify;\"><span style=\"color: #800000;\"><strong>Homs, SANA<\/strong><\/span><\/p>\n<p style=\"text-align: justify;\">A pesar del enorme da\u00f1o en el sector el\u00e9ctrico por los ataques terroristas en la provincia de Homs, los t\u00e9cnicos de la Empresa Estatal Electricidad en la provincia redoblaron sus esfuerzos para superar las dificultades y obst\u00e1culos para restablecer el sistema el\u00e9ctrico en las \u00e1reas afectadas.<\/p>\n<p style=\"text-align: justify;\">32 m\u00e1rtires, 34 heridos y 18 secuestrados trabajadores y empleados de la empresa han sido v\u00edctimas del terrorismo, quienes, gracias a ellos y al Ej\u00e9rcito \u00c1rabe Sirio, se defendi\u00f3 la soberan\u00eda nacional.<\/p>\n<p style=\"text-align: justify;\">El jefe de la referida entidad, Saleh Omran, indic\u00f3 en una declaraci\u00f3n a SANA, que el 80 por ciento de la red de media tensi\u00f3n da\u00f1ada durante los a\u00f1os de guerra, hab\u00eda sido rehabilitada.<\/p>\n<p style=\"text-align: justify;\">A\u00f1adi\u00f3 que se repararon 100 km de la red de baja tensi\u00f3n, 377 transformadores y tres plantas transformadoras que sirven a amplias zonas de la provincia.<\/p>\n<p style=\"text-align: justify;\">El sistema el\u00e9ctrico sufri\u00f3 durante los a\u00f1os de la guerra p\u00e9rdidas estimadas en 142 mil millones de libras sirias, incluidas muchos veh\u00edculos, instalaciones y edificios.<\/p>\n<p style=\"text-align: justify;\"><span style=\"color: #0000ff;\">sm\/fm<\/span><\/p>\n","protected":false},"excerpt":{"rendered":"<p>Homs, SANA A pesar del enorme da\u00f1o en el sector el\u00e9ctrico por los ataques terroristas en la provincia de Homs, los t\u00e9cnicos de la Empresa Estatal Electricidad en la provincia redoblaron sus esfuerzos para superar las dificultades y obst\u00e1culos para restablecer el sistema el\u00e9ctrico en las \u00e1reas afectadas. 32 m\u00e1rtires, 34 heridos y 18 secuestrados &hellip;<\/p>\n","protected":false},"author":39,"featured_media":174683,"comment_status":"closed","ping_status":"closed","sticky":false,"template":"","format":"standard","meta":{"footnotes":""},"categories":[447,477,597,16686,485,476,7541],"tags":[],"class_list":["post-174682","post","type-post","status-publish","format-standard","has-post-thumbnail","","category-local-politica","category-noticias-edulcorantes","category-cinta-de-noticias","category-economia","category-informes-negocios-y-finanzas","category-locales","category-ultimas-noticias"],"_links":{"self":[{"href":"https:\/\/archive.sana.sy\/es\/index.php?rest_route=\/wp\/v2\/posts\/174682"}],"collection":[{"href":"https:\/\/archive.sana.sy\/es\/index.php?rest_route=\/wp\/v2\/posts"}],"about":[{"href":"https:\/\/archive.sana.sy\/es\/index.php?rest_route=\/wp\/v2\/types\/post"}],"author":[{"embeddable":true,"href":"https:\/\/archive.sana.sy\/es\/index.php?rest_route=\/wp\/v2\/users\/39"}],"replies":[{"embeddable":true,"href":"https:\/\/archive.sana.sy\/es\/index.php?rest_route=%2Fwp%2Fv2%2Fcomments&post=174682"}],"version-history":[{"count":0,"href":"https:\/\/archive.sana.sy\/es\/index.php?rest_route=\/wp\/v2\/posts\/174682\/revisions"}],"wp:featuredmedia":[{"embeddable":true,"href":"https:\/\/archive.sana.sy\/es\/index.php?rest_route=\/wp\/v2\/media\/174683"}],"wp:attachment":[{"href":"https:\/\/archive.sana.sy\/es\/index.php?rest_route=%2Fwp%2Fv2%2Fmedia&parent=174682"}],"wp:term":[{"taxonomy":"category","embeddable":true,"href":"https:\/\/archive.sana.sy\/es\/index.php?rest_route=%2Fwp%2Fv2%2Fcategories&post=174682"},{"taxonomy":"post_tag","embeddable":true,"href":"https:\/\/archive.sana.sy\/es\/index.php?rest_route=%2Fwp%2Fv2%2Ftags&post=174682"}],"curies":[{"name":"wp","href":"https:\/\/api.w.org\/{rel}","templated":true}]}}