{"id":17471,"date":"2015-02-05T13:12:26","date_gmt":"2015-02-05T11:12:26","guid":{"rendered":"http:\/\/sana.sy\/es\/?p=17471"},"modified":"2015-02-05T13:38:29","modified_gmt":"2015-02-05T11:38:29","slug":"kilicdaroglu-califica-de-erronea-a-la-politica-del-partido-gobernante-en-turquia-hacia-siria","status":"publish","type":"post","link":"https:\/\/archive.sana.sy\/es\/?p=17471","title":{"rendered":"K\u0131l\u0131\u00e7daro\u011flu califica de err\u00f3nea a la pol\u00edtica del partido gobernante en Turqu\u00eda hacia Siria"},"content":{"rendered":"<p>Ankara, SANA<br \/>\nEl presidente del Partido Republicano del Pueblo en Turqu\u00eda, Kemal K\u0131l\u0131\u00e7daro\u011flu, lanz\u00f3 fuertes cr\u00edticas a las pol\u00edticas del r\u00e9gimen de Recep Tayyip Erdogan respecto a Siria, haciendo alusi\u00f3n a la explotaci\u00f3n de las ni\u00f1as sirias que fueron desplazadas a consecuencias de los cr\u00edmenes de los grupos terroristas armados.<\/p>\n<p>En un discurso pronunciado ante el grupo parlamentario de su partido, Keli_dar Ihsanoglu abord\u00f3 una serie de cuestiones e hizo alusi\u00f3n a las j\u00f3venes sirias desplazadas que est\u00e1n sometidas a la compra y venta en Turqu\u00eda.<\/p>\n<p>Tambi\u00e9n, calific\u00f3 de err\u00f3nea a la pol\u00edtica del Partido de Justicia y Desarrollo hacia Siria y lo que est\u00e1 sucediendo en Medio Oriente.<\/p>\n<p>&nbsp;<\/p>\n<p>Fady M., Lynn A.<\/p>\n","protected":false},"excerpt":{"rendered":"<p>Ankara, SANA El presidente del Partido Republicano del Pueblo en Turqu\u00eda, Kemal K\u0131l\u0131\u00e7daro\u011flu, lanz\u00f3 fuertes cr\u00edticas a las pol\u00edticas del r\u00e9gimen de Recep Tayyip Erdogan respecto a Siria, haciendo alusi\u00f3n a la explotaci\u00f3n de las ni\u00f1as sirias que fueron desplazadas a consecuencias de los cr\u00edmenes de los grupos terroristas armados. En un discurso pronunciado ante &hellip;<\/p>\n","protected":false},"author":24,"featured_media":17472,"comment_status":"closed","ping_status":"closed","sticky":false,"template":"","format":"standard","meta":{"footnotes":""},"categories":[597,456,457,576],"tags":[3953],"class_list":["post-17471","post","type-post","status-publish","format-standard","has-post-thumbnail","","category-cinta-de-noticias","category-arabe-internacional-politica","category-noticias-arabe-internacional-politica","category-noticias-politicas","tag-kilicdaroglu-califica-de-erronea-a-la-politica-del-partido-gobernante-en-turquia-hacia-siria"],"_links":{"self":[{"href":"https:\/\/archive.sana.sy\/es\/index.php?rest_route=\/wp\/v2\/posts\/17471"}],"collection":[{"href":"https:\/\/archive.sana.sy\/es\/index.php?rest_route=\/wp\/v2\/posts"}],"about":[{"href":"https:\/\/archive.sana.sy\/es\/index.php?rest_route=\/wp\/v2\/types\/post"}],"author":[{"embeddable":true,"href":"https:\/\/archive.sana.sy\/es\/index.php?rest_route=\/wp\/v2\/users\/24"}],"replies":[{"embeddable":true,"href":"https:\/\/archive.sana.sy\/es\/index.php?rest_route=%2Fwp%2Fv2%2Fcomments&post=17471"}],"version-history":[{"count":0,"href":"https:\/\/archive.sana.sy\/es\/index.php?rest_route=\/wp\/v2\/posts\/17471\/revisions"}],"wp:featuredmedia":[{"embeddable":true,"href":"https:\/\/archive.sana.sy\/es\/index.php?rest_route=\/wp\/v2\/media\/17472"}],"wp:attachment":[{"href":"https:\/\/archive.sana.sy\/es\/index.php?rest_route=%2Fwp%2Fv2%2Fmedia&parent=17471"}],"wp:term":[{"taxonomy":"category","embeddable":true,"href":"https:\/\/archive.sana.sy\/es\/index.php?rest_route=%2Fwp%2Fv2%2Fcategories&post=17471"},{"taxonomy":"post_tag","embeddable":true,"href":"https:\/\/archive.sana.sy\/es\/index.php?rest_route=%2Fwp%2Fv2%2Ftags&post=17471"}],"curies":[{"name":"wp","href":"https:\/\/api.w.org\/{rel}","templated":true}]}}