{"id":17476,"date":"2015-02-05T14:29:12","date_gmt":"2015-02-05T12:29:12","guid":{"rendered":"http:\/\/www.sana.sy\/es\/?p=17476"},"modified":"2015-02-05T14:29:12","modified_gmt":"2015-02-05T12:29:12","slug":"presidente-checo-la-lucha-antiterrorista-se-logra-solo-mediante-la-union-de-los-esfuerzos-de-todo-el-mundo","status":"publish","type":"post","link":"https:\/\/archive.sana.sy\/es\/?p=17476","title":{"rendered":"Presidente checo: la lucha antiterrorista se logra s\u00f3lo mediante la uni\u00f3n de los esfuerzos de todo el mundo"},"content":{"rendered":"<div><span style=\"color: #ff0000\">Praga-Bratislava, SANA<\/span><\/div>\n<div><\/div>\n<div><span lang=\"ES-TRAD\">El presidente checo, Milos Zeman, dijo que &#8220;s\u00f3lo se puede luchar contra el terrorismo a trav\u00e9s de la uni\u00f3n de los esfuerzos de todos los pa\u00edses del mundo&#8221;.<\/span><\/div>\n<div><\/div>\n<div><span lang=\"ES-TRAD\">En una declaraci\u00f3n, Zeman precis\u00f3 que &#8220;la lucha contra el terrorismo s\u00f3lo puede tener \u00e9xito a trav\u00e9s de la concertaci\u00f3n de los esfuerzos del mundo civilizado, en particular los pa\u00edses isl\u00e1micos&#8221;.<\/span><\/div>\n<div><\/div>\n<div><span lang=\"ES-TRAD\">Por otra parte, el ministerio de Exteriores de la Rep\u00fablica Eslovaca conden\u00f3 los secuestros y asesinatos brutales utilizados por la organizaci\u00f3n terrorista del EI como formas de trabajar y de intimidaci\u00f3n y extorsi\u00f3n.<\/span><\/div>\n<div><\/div>\n<div><span style=\"color: #00ccff\">Fady M., Hala B.<\/span><\/div>\n<div class=\"yj6qo ajU\">\n<div id=\":12o\" class=\"ajR\"><img decoding=\"async\" class=\"ajT\" src=\"https:\/\/ssl.gstatic.com\/ui\/v1\/icons\/mail\/images\/cleardot.gif\" alt=\"\" \/><\/div>\n<\/div>\n","protected":false},"excerpt":{"rendered":"<p>Praga-Bratislava, SANA El presidente checo, Milos Zeman, dijo que &#8220;s\u00f3lo se puede luchar contra el terrorismo a trav\u00e9s de la uni\u00f3n de los esfuerzos de todos los pa\u00edses del mundo&#8221;. En una declaraci\u00f3n, Zeman precis\u00f3 que &#8220;la lucha contra el terrorismo s\u00f3lo puede tener \u00e9xito a trav\u00e9s de la concertaci\u00f3n de los esfuerzos del mundo &hellip;<\/p>\n","protected":false},"author":1,"featured_media":17477,"comment_status":"closed","ping_status":"closed","sticky":false,"template":"","format":"standard","meta":{"footnotes":""},"categories":[456,576],"tags":[3954],"class_list":["post-17476","post","type-post","status-publish","format-standard","has-post-thumbnail","","category-arabe-internacional-politica","category-noticias-politicas","tag-presidente-checo-la-lucha-antiterrorista-se-logra-solo-mediante-la-union-de-los-esfuerzos-de-todo-el-mundo"],"_links":{"self":[{"href":"https:\/\/archive.sana.sy\/es\/index.php?rest_route=\/wp\/v2\/posts\/17476"}],"collection":[{"href":"https:\/\/archive.sana.sy\/es\/index.php?rest_route=\/wp\/v2\/posts"}],"about":[{"href":"https:\/\/archive.sana.sy\/es\/index.php?rest_route=\/wp\/v2\/types\/post"}],"author":[{"embeddable":true,"href":"https:\/\/archive.sana.sy\/es\/index.php?rest_route=\/wp\/v2\/users\/1"}],"replies":[{"embeddable":true,"href":"https:\/\/archive.sana.sy\/es\/index.php?rest_route=%2Fwp%2Fv2%2Fcomments&post=17476"}],"version-history":[{"count":0,"href":"https:\/\/archive.sana.sy\/es\/index.php?rest_route=\/wp\/v2\/posts\/17476\/revisions"}],"wp:featuredmedia":[{"embeddable":true,"href":"https:\/\/archive.sana.sy\/es\/index.php?rest_route=\/wp\/v2\/media\/17477"}],"wp:attachment":[{"href":"https:\/\/archive.sana.sy\/es\/index.php?rest_route=%2Fwp%2Fv2%2Fmedia&parent=17476"}],"wp:term":[{"taxonomy":"category","embeddable":true,"href":"https:\/\/archive.sana.sy\/es\/index.php?rest_route=%2Fwp%2Fv2%2Fcategories&post=17476"},{"taxonomy":"post_tag","embeddable":true,"href":"https:\/\/archive.sana.sy\/es\/index.php?rest_route=%2Fwp%2Fv2%2Ftags&post=17476"}],"curies":[{"name":"wp","href":"https:\/\/api.w.org\/{rel}","templated":true}]}}