{"id":174781,"date":"2021-04-02T11:36:18","date_gmt":"2021-04-02T08:36:18","guid":{"rendered":"http:\/\/107.6.182.27\/es\/?p=174781"},"modified":"2023-01-12T14:41:40","modified_gmt":"2023-01-12T12:41:40","slug":"fuerzas-de-ocupacion-israelies-arrestaron-a-cuatro-palestinos-en-cisjordania","status":"publish","type":"post","link":"https:\/\/archive.sana.sy\/es\/?p=174781","title":{"rendered":"Fuerzas de ocupaci\u00f3n israel\u00edes arrestaron a cuatro palestinos en Cisjordania"},"content":{"rendered":"<p style=\"text-align: justify;\"><span style=\"color: #800000;\"><strong>Jerusal\u00e9n ocupada, SANA<\/strong><\/span><\/p>\n<p style=\"text-align: justify;\">Las fuerzas de ocupaci\u00f3n israel\u00edes arrestaron a varios palestinos en Cisjordania.<\/p>\n<p style=\"text-align: justify;\">Seg\u00fan reportes de la agencia palestina de noticias Wafa, las tropas ocupantes asaltaron la zona sur de Hebr\u00f3n, la ciudad de Beit Ummar y la aldea de Al-Walaja, al oeste de Bel\u00e9n, donde registraron casas de los palestinos y arrestaron a cuatro de ellos.<\/p>\n<p style=\"text-align: justify;\">El ej\u00e9rcito de ocupaci\u00f3n israel\u00ed contin\u00faa sus pr\u00e1cticas agresivas contra los palestinos al invadir sus ciudades y pueblos, y lanzar campa\u00f1as diarias de arrestos arbitrarios con el objetivo de desplazarlos y apoderarse de sus tierras y judaizarlos.<\/p>\n<p style=\"text-align: justify;\"><span style=\"color: #0000ff;\"><strong>sm\/fm<\/strong><\/span><\/p>\n","protected":false},"excerpt":{"rendered":"<p>Jerusal\u00e9n ocupada, SANA Las fuerzas de ocupaci\u00f3n israel\u00edes arrestaron a varios palestinos en Cisjordania. Seg\u00fan reportes de la agencia palestina de noticias Wafa, las tropas ocupantes asaltaron la zona sur de Hebr\u00f3n, la ciudad de Beit Ummar y la aldea de Al-Walaja, al oeste de Bel\u00e9n, donde registraron casas de los palestinos y arrestaron a &hellip;<\/p>\n","protected":false},"author":39,"featured_media":174791,"comment_status":"closed","ping_status":"closed","sticky":false,"template":"","format":"standard","meta":{"footnotes":""},"categories":[597,456],"tags":[],"class_list":["post-174781","post","type-post","status-publish","format-standard","has-post-thumbnail","","category-cinta-de-noticias","category-arabe-internacional-politica"],"_links":{"self":[{"href":"https:\/\/archive.sana.sy\/es\/index.php?rest_route=\/wp\/v2\/posts\/174781"}],"collection":[{"href":"https:\/\/archive.sana.sy\/es\/index.php?rest_route=\/wp\/v2\/posts"}],"about":[{"href":"https:\/\/archive.sana.sy\/es\/index.php?rest_route=\/wp\/v2\/types\/post"}],"author":[{"embeddable":true,"href":"https:\/\/archive.sana.sy\/es\/index.php?rest_route=\/wp\/v2\/users\/39"}],"replies":[{"embeddable":true,"href":"https:\/\/archive.sana.sy\/es\/index.php?rest_route=%2Fwp%2Fv2%2Fcomments&post=174781"}],"version-history":[{"count":0,"href":"https:\/\/archive.sana.sy\/es\/index.php?rest_route=\/wp\/v2\/posts\/174781\/revisions"}],"wp:featuredmedia":[{"embeddable":true,"href":"https:\/\/archive.sana.sy\/es\/index.php?rest_route=\/wp\/v2\/media\/174791"}],"wp:attachment":[{"href":"https:\/\/archive.sana.sy\/es\/index.php?rest_route=%2Fwp%2Fv2%2Fmedia&parent=174781"}],"wp:term":[{"taxonomy":"category","embeddable":true,"href":"https:\/\/archive.sana.sy\/es\/index.php?rest_route=%2Fwp%2Fv2%2Fcategories&post=174781"},{"taxonomy":"post_tag","embeddable":true,"href":"https:\/\/archive.sana.sy\/es\/index.php?rest_route=%2Fwp%2Fv2%2Ftags&post=174781"}],"curies":[{"name":"wp","href":"https:\/\/api.w.org\/{rel}","templated":true}]}}