{"id":174981,"date":"2021-04-03T11:41:31","date_gmt":"2021-04-03T08:41:31","guid":{"rendered":"http:\/\/107.6.182.27\/es\/?p=174981"},"modified":"2021-04-03T22:50:34","modified_gmt":"2021-04-03T19:50:34","slug":"suspenden-clases-en-universidades-publicas-y-privadas-por-dos-semanas","status":"publish","type":"post","link":"https:\/\/archive.sana.sy\/es\/?p=174981","title":{"rendered":"Suspenden clases en universidades p\u00fablicas y privadas por dos semanas"},"content":{"rendered":"<p><span style=\"color: #800000;\">Damasco, SANA<\/span><\/p>\n<p style=\"text-align: justify;\">El Ministerio de Educaci\u00f3n Superior e Investigaci\u00f3n Cient\u00edfica anunci\u00f3 este s\u00e1bado la suspensi\u00f3n de las clases en las universidades e institutos de ense\u00f1anza superior p\u00fablicos y privados, a partir del 4 de abril 2021 hasta el 17 del mismo mes.<\/p>\n<p style=\"text-align: justify;\">Asimismo, se decidi\u00f3 aplazar los ex\u00e1menes programados en dicho per\u00edodo en estos centros educativos hasta una fecha ulterior.<\/p>\n<p>\u201cEsta decisi\u00f3n fue tomada a fin de proteger la salud y sanidad de los estudiantes, a la luz de la propagaci\u00f3n de Covid-19 y la dificultad del transporte\u201d, comunic\u00f3 el ministro de Educaci\u00f3n Superior, Bassam Ibrahim.<\/p>\n<p><span style=\"color: #0000ff;\">rr\/fm<\/span><\/p>\n","protected":false},"excerpt":{"rendered":"<p>Damasco, SANA El Ministerio de Educaci\u00f3n Superior e Investigaci\u00f3n Cient\u00edfica anunci\u00f3 este s\u00e1bado la suspensi\u00f3n de las clases en las universidades e institutos de ense\u00f1anza superior p\u00fablicos y privados, a partir del 4 de abril 2021 hasta el 17 del mismo mes. Asimismo, se decidi\u00f3 aplazar los ex\u00e1menes programados en dicho per\u00edodo en estos centros &hellip;<\/p>\n","protected":false},"author":31,"featured_media":174982,"comment_status":"closed","ping_status":"closed","sticky":false,"template":"","format":"standard","meta":{"footnotes":""},"categories":[597,476],"tags":[],"class_list":["post-174981","post","type-post","status-publish","format-standard","has-post-thumbnail","","category-cinta-de-noticias","category-locales"],"_links":{"self":[{"href":"https:\/\/archive.sana.sy\/es\/index.php?rest_route=\/wp\/v2\/posts\/174981"}],"collection":[{"href":"https:\/\/archive.sana.sy\/es\/index.php?rest_route=\/wp\/v2\/posts"}],"about":[{"href":"https:\/\/archive.sana.sy\/es\/index.php?rest_route=\/wp\/v2\/types\/post"}],"author":[{"embeddable":true,"href":"https:\/\/archive.sana.sy\/es\/index.php?rest_route=\/wp\/v2\/users\/31"}],"replies":[{"embeddable":true,"href":"https:\/\/archive.sana.sy\/es\/index.php?rest_route=%2Fwp%2Fv2%2Fcomments&post=174981"}],"version-history":[{"count":0,"href":"https:\/\/archive.sana.sy\/es\/index.php?rest_route=\/wp\/v2\/posts\/174981\/revisions"}],"wp:featuredmedia":[{"embeddable":true,"href":"https:\/\/archive.sana.sy\/es\/index.php?rest_route=\/wp\/v2\/media\/174982"}],"wp:attachment":[{"href":"https:\/\/archive.sana.sy\/es\/index.php?rest_route=%2Fwp%2Fv2%2Fmedia&parent=174981"}],"wp:term":[{"taxonomy":"category","embeddable":true,"href":"https:\/\/archive.sana.sy\/es\/index.php?rest_route=%2Fwp%2Fv2%2Fcategories&post=174981"},{"taxonomy":"post_tag","embeddable":true,"href":"https:\/\/archive.sana.sy\/es\/index.php?rest_route=%2Fwp%2Fv2%2Ftags&post=174981"}],"curies":[{"name":"wp","href":"https:\/\/api.w.org\/{rel}","templated":true}]}}