{"id":17499,"date":"2015-02-05T21:12:39","date_gmt":"2015-02-05T19:12:39","guid":{"rendered":"http:\/\/www.sana.sy\/es\/?p=17499"},"modified":"2015-02-05T22:50:01","modified_gmt":"2015-02-05T20:50:01","slug":"iran-eiil-es-el-resultado-del-uso-del-terrorismo-como-herramienta-en-la-region","status":"publish","type":"post","link":"https:\/\/archive.sana.sy\/es\/?p=17499","title":{"rendered":"Ir\u00e1n: EIIL es el resultado del uso del terrorismo como herramienta en la regi\u00f3n"},"content":{"rendered":"<p>Teher\u00e1n-SANA<\/p>\n<p>El vicecanciller iran\u00ed Asuntos \u00c1rabes y Africanos, Husein Amir Abdolahian, ha dicho que los recientes ataques en Francia y la ejecuci\u00f3n del piloto jordano, quemado vivo por DAESH, es el resultado de la pol\u00edtica equivocada del uso del terrorismo como herramienta en Irak y Siria.<\/p>\n<p>Abdolahian afirm\u00f3 que el terrorismo no excluye a nadie y que los pa\u00edses de la regi\u00f3n que las pr\u00e1cticas inhumanas del terrorismo constituye una amenaza a la seguridad y estabilidad de la regi\u00f3n.<\/p>\n<p>Adem\u00e1s, el diplom\u00e1tico persa, ha hecho condenado los cr\u00edmenes llevados a cabo por la organizaci\u00f3n terrorista del EIIL, haciendo hincapi\u00e9 en que la seguridad de un solo pa\u00eds depende de la seguridad de los dem\u00e1s y no se puede socavar la seguridad en Irak, Siria y El L\u00edbano y esperar que se mantenga la seguridad de otros pa\u00edses.<\/p>\n<p>Yamil K.<\/p>\n","protected":false},"excerpt":{"rendered":"<p>Teher\u00e1n-SANA El vicecanciller iran\u00ed Asuntos \u00c1rabes y Africanos, Husein Amir Abdolahian, ha dicho que los recientes ataques en Francia y la ejecuci\u00f3n del piloto jordano, quemado vivo por DAESH, es el resultado de la pol\u00edtica equivocada del uso del terrorismo como herramienta en Irak y Siria. Abdolahian afirm\u00f3 que el terrorismo no excluye a nadie &hellip;<\/p>\n","protected":false},"author":1,"featured_media":17500,"comment_status":"closed","ping_status":"closed","sticky":false,"template":"","format":"standard","meta":{"footnotes":""},"categories":[456,457,576],"tags":[],"class_list":["post-17499","post","type-post","status-publish","format-standard","has-post-thumbnail","","category-arabe-internacional-politica","category-noticias-arabe-internacional-politica","category-noticias-politicas"],"_links":{"self":[{"href":"https:\/\/archive.sana.sy\/es\/index.php?rest_route=\/wp\/v2\/posts\/17499"}],"collection":[{"href":"https:\/\/archive.sana.sy\/es\/index.php?rest_route=\/wp\/v2\/posts"}],"about":[{"href":"https:\/\/archive.sana.sy\/es\/index.php?rest_route=\/wp\/v2\/types\/post"}],"author":[{"embeddable":true,"href":"https:\/\/archive.sana.sy\/es\/index.php?rest_route=\/wp\/v2\/users\/1"}],"replies":[{"embeddable":true,"href":"https:\/\/archive.sana.sy\/es\/index.php?rest_route=%2Fwp%2Fv2%2Fcomments&post=17499"}],"version-history":[{"count":0,"href":"https:\/\/archive.sana.sy\/es\/index.php?rest_route=\/wp\/v2\/posts\/17499\/revisions"}],"wp:featuredmedia":[{"embeddable":true,"href":"https:\/\/archive.sana.sy\/es\/index.php?rest_route=\/wp\/v2\/media\/17500"}],"wp:attachment":[{"href":"https:\/\/archive.sana.sy\/es\/index.php?rest_route=%2Fwp%2Fv2%2Fmedia&parent=17499"}],"wp:term":[{"taxonomy":"category","embeddable":true,"href":"https:\/\/archive.sana.sy\/es\/index.php?rest_route=%2Fwp%2Fv2%2Fcategories&post=17499"},{"taxonomy":"post_tag","embeddable":true,"href":"https:\/\/archive.sana.sy\/es\/index.php?rest_route=%2Fwp%2Fv2%2Ftags&post=17499"}],"curies":[{"name":"wp","href":"https:\/\/api.w.org\/{rel}","templated":true}]}}