{"id":17506,"date":"2015-02-05T22:47:32","date_gmt":"2015-02-05T20:47:32","guid":{"rendered":"http:\/\/www.sana.sy\/es\/?p=17506"},"modified":"2015-02-05T22:47:32","modified_gmt":"2015-02-05T20:47:32","slug":"rusia-espera-la-aprobacion-del-proyecto-de-resolucion-sobre-financiamiento-de-organizaciones-terroristas-por-el-c-s","status":"publish","type":"post","link":"https:\/\/archive.sana.sy\/es\/?p=17506","title":{"rendered":"Rusia espera la aprobaci\u00f3n del proyecto de resoluci\u00f3n sobre financiamiento de organizaciones terroristas por el C.S."},"content":{"rendered":"<p>Mosc\u00fa-SANA<\/p>\n<p>El Ministerio de Exterior de Rusia manifest\u00f3 su esperanza de que el proyecto de resoluci\u00f3n presentado por Mosc\u00fa para frenar la financiaci\u00f3n del Estado Isl\u00e1mico tenga una aprobaci\u00f3n por el Consejo de Seguridad Internacional.<\/p>\n<p>El portavoz del ministerio, Alexander Ukashevi\u0107 dijo que el anteproyecto ruso est\u00e1 relacionado con la lucha contra las organizaciones terroristas y la conducta ilegal de robo de petr\u00f3leo y piezas arqueol\u00f3gicas practicada por las organizaciones terrorista del DAESH y el frente Al-Nusra, se\u00f1alando que en caso de que este proyecto fuese aprobado, constituir\u00eda un medio m\u00e1s para estrangular las transacciones realizadas con las organizaciones citadas.<\/p>\n<p>Asimismo advirti\u00f3 de que el comercio ilegal del petr\u00f3leo contribuye en gran medida a fortalecer la capacidad financiera de las organizaciones terroristas.<\/p>\n<p>Yamil K.<\/p>\n","protected":false},"excerpt":{"rendered":"<p>Mosc\u00fa-SANA El Ministerio de Exterior de Rusia manifest\u00f3 su esperanza de que el proyecto de resoluci\u00f3n presentado por Mosc\u00fa para frenar la financiaci\u00f3n del Estado Isl\u00e1mico tenga una aprobaci\u00f3n por el Consejo de Seguridad Internacional. El portavoz del ministerio, Alexander Ukashevi\u0107 dijo que el anteproyecto ruso est\u00e1 relacionado con la lucha contra las organizaciones terroristas &hellip;<\/p>\n","protected":false},"author":1,"featured_media":17507,"comment_status":"closed","ping_status":"closed","sticky":false,"template":"","format":"standard","meta":{"footnotes":""},"categories":[456,457,576],"tags":[],"class_list":["post-17506","post","type-post","status-publish","format-standard","has-post-thumbnail","","category-arabe-internacional-politica","category-noticias-arabe-internacional-politica","category-noticias-politicas"],"_links":{"self":[{"href":"https:\/\/archive.sana.sy\/es\/index.php?rest_route=\/wp\/v2\/posts\/17506"}],"collection":[{"href":"https:\/\/archive.sana.sy\/es\/index.php?rest_route=\/wp\/v2\/posts"}],"about":[{"href":"https:\/\/archive.sana.sy\/es\/index.php?rest_route=\/wp\/v2\/types\/post"}],"author":[{"embeddable":true,"href":"https:\/\/archive.sana.sy\/es\/index.php?rest_route=\/wp\/v2\/users\/1"}],"replies":[{"embeddable":true,"href":"https:\/\/archive.sana.sy\/es\/index.php?rest_route=%2Fwp%2Fv2%2Fcomments&post=17506"}],"version-history":[{"count":0,"href":"https:\/\/archive.sana.sy\/es\/index.php?rest_route=\/wp\/v2\/posts\/17506\/revisions"}],"wp:featuredmedia":[{"embeddable":true,"href":"https:\/\/archive.sana.sy\/es\/index.php?rest_route=\/wp\/v2\/media\/17507"}],"wp:attachment":[{"href":"https:\/\/archive.sana.sy\/es\/index.php?rest_route=%2Fwp%2Fv2%2Fmedia&parent=17506"}],"wp:term":[{"taxonomy":"category","embeddable":true,"href":"https:\/\/archive.sana.sy\/es\/index.php?rest_route=%2Fwp%2Fv2%2Fcategories&post=17506"},{"taxonomy":"post_tag","embeddable":true,"href":"https:\/\/archive.sana.sy\/es\/index.php?rest_route=%2Fwp%2Fv2%2Ftags&post=17506"}],"curies":[{"name":"wp","href":"https:\/\/api.w.org\/{rel}","templated":true}]}}