{"id":17512,"date":"2015-02-06T15:51:16","date_gmt":"2015-02-06T13:51:16","guid":{"rendered":"http:\/\/www.sana.sy\/es\/?p=17512"},"modified":"2015-02-06T15:51:16","modified_gmt":"2015-02-06T13:51:16","slug":"tunez-restaurar-las-relaciones-diplomaticas-con-siria-es-una-prioridad","status":"publish","type":"post","link":"https:\/\/archive.sana.sy\/es\/?p=17512","title":{"rendered":"T\u00fanez: Restaurar las relaciones diplom\u00e1ticas con Siria es una prioridad"},"content":{"rendered":"<p style=\"text-align: justify\"><span style=\"color: #800000\">Beirut, SANA<\/span><\/p>\n<p style=\"text-align: justify\">El nuevo primer ministro, Habib Essid, se ha comprometido en reevaluar todas las medidas y decisiones tomadas anteriormente por su pa\u00eds en cuanto a las relaciones diplom\u00e1ticas tunecinas, en particular los expedientes de emergencia, tal como las relaciones con Siria, mientras que el Canciller Tayeb Baccouch anunci\u00f3 que restaurar las relaciones diplom\u00e1ticas con Siria constituyen una prioridad.<\/p>\n<p style=\"text-align: justify\">En una entrevista publicada hoy por el diario liban\u00e9s Al-Safir, el Primer tunecino expres\u00f3 que \u201cel tema de la seguridad es uno de los m\u00e1s urgentes en este sentido, donde le dedicar\u00e1 una suma prioridad a trav\u00e9s del establecimiento de un marco legislativo para combatir el terrorismo y el blanqueo de dinero\u201d, se\u00f1alando la voluntad de su gobierno a enfatizar m\u00e1s en el expediente libio y liberar los tunecinos secuestrados, entre los cuales figuran dos periodistas.<\/p>\n<p style=\"text-align: justify\">\u201cEl nuevo gobierno pretende revisar las err\u00f3neas pol\u00edticas exteriores de la ex administraci\u00f3n y reactivar las relaciones diplom\u00e1ticas con Siria\u201d dijo el ministro Baccouch, seg\u00fan Al-Safir.<\/p>\n<p style=\"text-align: justify\">Asimismo agreg\u00f3 El Baccouch, una de las figuras m\u00e1s destacadas dentro del Movimiento laico Nida Tunea, que el inter\u00e9s del pueblo tunecino y en particular de la comunidad tunecino en Siria procura reactivar las relaciones entre ambos pa\u00edses, insistiendo en la necesidad de respetar los principios, las constancias y las bases diplom\u00e1ticas de T\u00fanez.<\/p>\n<p style=\"text-align: justify\">Los ex Ministro de Asuntos Exteriores y el Presidente tunecinos son los culpables por empeorar las relaciones con Siria, Libia y Argelia, entre otros pa\u00edses, seg\u00fan el Baccouch, confirmando que existe una sincera intenci\u00f3n de reactivar las relaciones interrumpidas de acuerdo a una pol\u00edtica diplom\u00e1tica y un programa que ser\u00e1 revelado posteriormente.<\/p>\n<p style=\"text-align: justify\">\n<p style=\"text-align: justify\"><span style=\"color: #0000ff\">Ghifar Al Ali<\/span><\/p>\n","protected":false},"excerpt":{"rendered":"<p>Beirut, SANA El nuevo primer ministro, Habib Essid, se ha comprometido en reevaluar todas las medidas y decisiones tomadas anteriormente por su pa\u00eds en cuanto a las relaciones diplom\u00e1ticas tunecinas, en particular los expedientes de emergencia, tal como las relaciones con Siria, mientras que el Canciller Tayeb Baccouch anunci\u00f3 que restaurar las relaciones diplom\u00e1ticas con &hellip;<\/p>\n","protected":false},"author":1,"featured_media":17511,"comment_status":"closed","ping_status":"closed","sticky":false,"template":"","format":"standard","meta":{"footnotes":""},"categories":[597,456,457,576],"tags":[3957],"class_list":["post-17512","post","type-post","status-publish","format-standard","has-post-thumbnail","","category-cinta-de-noticias","category-arabe-internacional-politica","category-noticias-arabe-internacional-politica","category-noticias-politicas","tag-tunez-restaurar-las-relaciones-diplomaticas-con-siria-es-una-prioridad"],"_links":{"self":[{"href":"https:\/\/archive.sana.sy\/es\/index.php?rest_route=\/wp\/v2\/posts\/17512"}],"collection":[{"href":"https:\/\/archive.sana.sy\/es\/index.php?rest_route=\/wp\/v2\/posts"}],"about":[{"href":"https:\/\/archive.sana.sy\/es\/index.php?rest_route=\/wp\/v2\/types\/post"}],"author":[{"embeddable":true,"href":"https:\/\/archive.sana.sy\/es\/index.php?rest_route=\/wp\/v2\/users\/1"}],"replies":[{"embeddable":true,"href":"https:\/\/archive.sana.sy\/es\/index.php?rest_route=%2Fwp%2Fv2%2Fcomments&post=17512"}],"version-history":[{"count":0,"href":"https:\/\/archive.sana.sy\/es\/index.php?rest_route=\/wp\/v2\/posts\/17512\/revisions"}],"wp:featuredmedia":[{"embeddable":true,"href":"https:\/\/archive.sana.sy\/es\/index.php?rest_route=\/wp\/v2\/media\/17511"}],"wp:attachment":[{"href":"https:\/\/archive.sana.sy\/es\/index.php?rest_route=%2Fwp%2Fv2%2Fmedia&parent=17512"}],"wp:term":[{"taxonomy":"category","embeddable":true,"href":"https:\/\/archive.sana.sy\/es\/index.php?rest_route=%2Fwp%2Fv2%2Fcategories&post=17512"},{"taxonomy":"post_tag","embeddable":true,"href":"https:\/\/archive.sana.sy\/es\/index.php?rest_route=%2Fwp%2Fv2%2Ftags&post=17512"}],"curies":[{"name":"wp","href":"https:\/\/api.w.org\/{rel}","templated":true}]}}