{"id":175254,"date":"2021-04-05T20:49:31","date_gmt":"2021-04-05T17:49:31","guid":{"rendered":"http:\/\/107.6.182.27\/es\/?p=175254"},"modified":"2021-04-05T20:49:31","modified_gmt":"2021-04-05T17:49:31","slug":"asociacion-de-ulemas-musulmanes-llama-a-promover-relaciones-sirio-libanesas","status":"publish","type":"post","link":"https:\/\/archive.sana.sy\/es\/?p=175254","title":{"rendered":"Asociaci\u00f3n de Ulemas Musulmanes llama a promover relaciones sirio-libanesas"},"content":{"rendered":"<p><span style=\"color: #800000;\">Beirut, SANA<\/span><\/p>\n<p style=\"text-align: justify;\">El \u00d3rgano Administrativo de la Asociaci\u00f3n de Ulemas Musulmanes en El L\u00edbano reiter\u00f3 este lunes, su llamado para fortalecer las relaciones entre Siria y El L\u00edbano.<\/p>\n<p style=\"text-align: justify;\">En una declaraci\u00f3n emitida tras su reuni\u00f3n hoy, la Comisi\u00f3n destac\u00f3 la necesidad de activar los trabajos del Consejo Supremo Sirio-liban\u00e9s y aplicar los acuerdos bilaterales de manera que contribuya al regreso de los sirios desplazados a su pa\u00eds.<\/p>\n<p style=\"text-align: justify;\">La Asociaci\u00f3n expres\u00f3 su esperanza de que se forme un gobierno liban\u00e9s nacional sin interferencias externas.<\/p>\n<p><span style=\"color: #0000ff;\">rr\/fm<\/span><\/p>\n","protected":false},"excerpt":{"rendered":"<p>Beirut, SANA El \u00d3rgano Administrativo de la Asociaci\u00f3n de Ulemas Musulmanes en El L\u00edbano reiter\u00f3 este lunes, su llamado para fortalecer las relaciones entre Siria y El L\u00edbano. En una declaraci\u00f3n emitida tras su reuni\u00f3n hoy, la Comisi\u00f3n destac\u00f3 la necesidad de activar los trabajos del Consejo Supremo Sirio-liban\u00e9s y aplicar los acuerdos bilaterales de &hellip;<\/p>\n","protected":false},"author":31,"featured_media":175255,"comment_status":"closed","ping_status":"closed","sticky":false,"template":"","format":"standard","meta":{"footnotes":""},"categories":[597,467],"tags":[],"class_list":["post-175254","post","type-post","status-publish","format-standard","has-post-thumbnail","","category-cinta-de-noticias","category-siria-y-el-mundo"],"_links":{"self":[{"href":"https:\/\/archive.sana.sy\/es\/index.php?rest_route=\/wp\/v2\/posts\/175254"}],"collection":[{"href":"https:\/\/archive.sana.sy\/es\/index.php?rest_route=\/wp\/v2\/posts"}],"about":[{"href":"https:\/\/archive.sana.sy\/es\/index.php?rest_route=\/wp\/v2\/types\/post"}],"author":[{"embeddable":true,"href":"https:\/\/archive.sana.sy\/es\/index.php?rest_route=\/wp\/v2\/users\/31"}],"replies":[{"embeddable":true,"href":"https:\/\/archive.sana.sy\/es\/index.php?rest_route=%2Fwp%2Fv2%2Fcomments&post=175254"}],"version-history":[{"count":0,"href":"https:\/\/archive.sana.sy\/es\/index.php?rest_route=\/wp\/v2\/posts\/175254\/revisions"}],"wp:featuredmedia":[{"embeddable":true,"href":"https:\/\/archive.sana.sy\/es\/index.php?rest_route=\/wp\/v2\/media\/175255"}],"wp:attachment":[{"href":"https:\/\/archive.sana.sy\/es\/index.php?rest_route=%2Fwp%2Fv2%2Fmedia&parent=175254"}],"wp:term":[{"taxonomy":"category","embeddable":true,"href":"https:\/\/archive.sana.sy\/es\/index.php?rest_route=%2Fwp%2Fv2%2Fcategories&post=175254"},{"taxonomy":"post_tag","embeddable":true,"href":"https:\/\/archive.sana.sy\/es\/index.php?rest_route=%2Fwp%2Fv2%2Ftags&post=175254"}],"curies":[{"name":"wp","href":"https:\/\/api.w.org\/{rel}","templated":true}]}}