{"id":175271,"date":"2021-04-06T11:38:09","date_gmt":"2021-04-06T08:38:09","guid":{"rendered":"http:\/\/107.6.182.27\/es\/?p=175271"},"modified":"2023-01-12T14:41:39","modified_gmt":"2023-01-12T12:41:39","slug":"mueren-ocho-militares-venezolanos-en-enfrentamientos-con-terroristas-en-la-frontera-con-colombia","status":"publish","type":"post","link":"https:\/\/archive.sana.sy\/es\/?p=175271","title":{"rendered":"Mueren ocho militares venezolanos en enfrentamientos con terroristas en la frontera con Colombia"},"content":{"rendered":"<p style=\"text-align: justify;\"><span style=\"color: #800000;\"><strong>Caracas, SANA<\/strong><\/span><\/p>\n<p style=\"text-align: justify;\">El ministro de Defensa de Venezuela, Vladimir Padrino, inform\u00f3 a trav\u00e9s de la televisi\u00f3n oficial que ocho soldados perdieron la vida y otros 34 resultaron heridos durante los enfrentamientos entre las Fuerzas Armadas y grupos armados terroristas colombianos en la frontera colombiano-venezolana.<\/p>\n<p style=\"text-align: justify;\">Padrino declar\u00f3 tambi\u00e9n que hubo nueve bajas entre los grupos armados colombianos, mientras 32 de ellos fueron capturados por el ej\u00e9rcito.<\/p>\n<p style=\"text-align: justify;\">El 21 de marzo, las fuerzas armadas venezolanas comenzaron una operaci\u00f3n militar con el fin de perseguir a grupos terroristas en la frontera con Colombia.<\/p>\n<p style=\"text-align: justify;\"><span style=\"color: #0000ff;\"><strong>ws\/fm<\/strong><\/span><\/p>\n","protected":false},"excerpt":{"rendered":"<p>Caracas, SANA El ministro de Defensa de Venezuela, Vladimir Padrino, inform\u00f3 a trav\u00e9s de la televisi\u00f3n oficial que ocho soldados perdieron la vida y otros 34 resultaron heridos durante los enfrentamientos entre las Fuerzas Armadas y grupos armados terroristas colombianos en la frontera colombiano-venezolana. Padrino declar\u00f3 tambi\u00e9n que hubo nueve bajas entre los grupos armados &hellip;<\/p>\n","protected":false},"author":35,"featured_media":175272,"comment_status":"closed","ping_status":"closed","sticky":false,"template":"","format":"standard","meta":{"footnotes":""},"categories":[597,456,7541],"tags":[],"class_list":["post-175271","post","type-post","status-publish","format-standard","has-post-thumbnail","","category-cinta-de-noticias","category-arabe-internacional-politica","category-ultimas-noticias"],"_links":{"self":[{"href":"https:\/\/archive.sana.sy\/es\/index.php?rest_route=\/wp\/v2\/posts\/175271"}],"collection":[{"href":"https:\/\/archive.sana.sy\/es\/index.php?rest_route=\/wp\/v2\/posts"}],"about":[{"href":"https:\/\/archive.sana.sy\/es\/index.php?rest_route=\/wp\/v2\/types\/post"}],"author":[{"embeddable":true,"href":"https:\/\/archive.sana.sy\/es\/index.php?rest_route=\/wp\/v2\/users\/35"}],"replies":[{"embeddable":true,"href":"https:\/\/archive.sana.sy\/es\/index.php?rest_route=%2Fwp%2Fv2%2Fcomments&post=175271"}],"version-history":[{"count":0,"href":"https:\/\/archive.sana.sy\/es\/index.php?rest_route=\/wp\/v2\/posts\/175271\/revisions"}],"wp:featuredmedia":[{"embeddable":true,"href":"https:\/\/archive.sana.sy\/es\/index.php?rest_route=\/wp\/v2\/media\/175272"}],"wp:attachment":[{"href":"https:\/\/archive.sana.sy\/es\/index.php?rest_route=%2Fwp%2Fv2%2Fmedia&parent=175271"}],"wp:term":[{"taxonomy":"category","embeddable":true,"href":"https:\/\/archive.sana.sy\/es\/index.php?rest_route=%2Fwp%2Fv2%2Fcategories&post=175271"},{"taxonomy":"post_tag","embeddable":true,"href":"https:\/\/archive.sana.sy\/es\/index.php?rest_route=%2Fwp%2Fv2%2Ftags&post=175271"}],"curies":[{"name":"wp","href":"https:\/\/api.w.org\/{rel}","templated":true}]}}