{"id":175277,"date":"2021-04-06T12:32:15","date_gmt":"2021-04-06T09:32:15","guid":{"rendered":"http:\/\/107.6.182.27\/es\/?p=175277"},"modified":"2023-01-10T14:29:34","modified_gmt":"2023-01-10T12:29:34","slug":"gracias-a-colaboracion-de-pobladores-ejercito-sirio-incauta-armas-y-municiones-remanentes-de-terroristas","status":"publish","type":"post","link":"https:\/\/archive.sana.sy\/es\/?p=175277","title":{"rendered":"Gracias a colaboraci\u00f3n de pobladores, Ej\u00e9rcito sirio incauta armas y municiones remanentes de terroristas"},"content":{"rendered":"<p style=\"text-align: justify;\"><strong><span style=\"color: #800000;\">Deraa, SANA<\/span><\/strong><\/p>\n<p style=\"text-align: justify;\">Las autoridades competentes incautaron armas y municiones, remanentes de terroristas, en la Regi\u00f3n Sur del pa\u00eds.<\/p>\n<p style=\"text-align: justify;\">De acuerdo a reportes del corresponsal de SANA, \u201cel pertrecho b\u00e9lico fue detectado durante las operaciones para completar la estabilizaci\u00f3n de las \u00e1reas liberadas en la regi\u00f3n sur del pa\u00eds\u201d.<\/p>\n<p style=\"text-align: justify;\">Entre las incautaciones figuran misiles port\u00e1tiles y t\u00e9rmicos, bombas AGC, proyectiles de mortero, proyectiles \u201cRPG\u201d, granadas ofensivas y defensivas, fusiles autom\u00e1ticos y munici\u00f3n variada para armas ligeras y medianas.<\/p>\n<p style=\"text-align: justify;\">Una fuente militar indic\u00f3 que la incautaci\u00f3n del material b\u00e9lico fue posible gracias a la colaboraci\u00f3n de los pobladores.<\/p>\n<p style=\"text-align: justify;\">Recientemente fueron incautadas armas, algunas estaban ocultadas en las \u00e1reas donde las organizaciones terroristas estaban presentes, mientras otras fueron decomisadas durante un operativos en el que se frustr\u00f3 intentos de c\u00e9lulas terroristas de reagrupar sus fuerzas para atacar \u00e1reas y puntos del Ej\u00e9rcito \u00c1rabe Sirio, explic\u00f3 la fuente.<\/p>\n<p style=\"text-align: justify;\">Agreg\u00f3 que esas operaciones forman parte de un plan en el que las Fuerzas Armadas y de Seguridad est\u00e1n trabajando para secar las fuentes del terrorismo apoyado internacionalmente.<\/p>\n<p style=\"text-align: justify;\">\nEl d\u00eda 28 del pasado mes de marzo, las autoridades competentes incautaron armas y municiones, remanentes de terroristas, en el campo oeste de la provincia de Deraa.<\/p>\n<p style=\"text-align: justify;\">El material b\u00e9lico decomisado inclu\u00eda armas de fabricaci\u00f3n estadounidense.<\/p>\n<div id='gallery-1' class='gallery galleryid-175277 gallery-columns-1 gallery-size-full'><figure class='gallery-item'>\n\t\t\t<div class='gallery-icon landscape'>\n\t\t\t\t<a href='https:\/\/archive.sana.sy\/es\/wp-content\/uploads\/2021\/04\/photo_2021-04-06_12-10-31.jpg'><img loading=\"lazy\" decoding=\"async\" width=\"1280\" height=\"821\" src=\"https:\/\/archive.sana.sy\/es\/wp-content\/uploads\/2021\/04\/photo_2021-04-06_12-10-31.jpg\" class=\"attachment-full size-full\" alt=\"\" srcset=\"https:\/\/archive.sana.sy\/es\/wp-content\/uploads\/2021\/04\/photo_2021-04-06_12-10-31.jpg 1280w, https:\/\/archive.sana.sy\/es\/wp-content\/uploads\/2021\/04\/photo_2021-04-06_12-10-31-300x192.jpg 300w, https:\/\/archive.sana.sy\/es\/wp-content\/uploads\/2021\/04\/photo_2021-04-06_12-10-31-1024x657.jpg 1024w, https:\/\/archive.sana.sy\/es\/wp-content\/uploads\/2021\/04\/photo_2021-04-06_12-10-31-150x96.jpg 150w, https:\/\/archive.sana.sy\/es\/wp-content\/uploads\/2021\/04\/photo_2021-04-06_12-10-31-768x493.jpg 768w\" sizes=\"(max-width: 1280px) 100vw, 1280px\" \/><\/a>\n\t\t\t<\/div><\/figure><figure class='gallery-item'>\n\t\t\t<div class='gallery-icon landscape'>\n\t\t\t\t<a href='https:\/\/archive.sana.sy\/es\/wp-content\/uploads\/2021\/04\/photo_2021-04-06_12-10-27.jpg'><img loading=\"lazy\" decoding=\"async\" width=\"1280\" height=\"675\" src=\"https:\/\/archive.sana.sy\/es\/wp-content\/uploads\/2021\/04\/photo_2021-04-06_12-10-27.jpg\" class=\"attachment-full size-full\" alt=\"\" srcset=\"https:\/\/archive.sana.sy\/es\/wp-content\/uploads\/2021\/04\/photo_2021-04-06_12-10-27.jpg 1280w, https:\/\/archive.sana.sy\/es\/wp-content\/uploads\/2021\/04\/photo_2021-04-06_12-10-27-300x158.jpg 300w, https:\/\/archive.sana.sy\/es\/wp-content\/uploads\/2021\/04\/photo_2021-04-06_12-10-27-1024x540.jpg 1024w, https:\/\/archive.sana.sy\/es\/wp-content\/uploads\/2021\/04\/photo_2021-04-06_12-10-27-150x79.jpg 150w, https:\/\/archive.sana.sy\/es\/wp-content\/uploads\/2021\/04\/photo_2021-04-06_12-10-27-768x405.jpg 768w\" sizes=\"(max-width: 1280px) 100vw, 1280px\" \/><\/a>\n\t\t\t<\/div><\/figure><figure class='gallery-item'>\n\t\t\t<div class='gallery-icon landscape'>\n\t\t\t\t<a href='https:\/\/archive.sana.sy\/es\/wp-content\/uploads\/2021\/04\/photo_2021-04-06_12-10-28-1.jpg'><img loading=\"lazy\" decoding=\"async\" width=\"1280\" height=\"900\" src=\"https:\/\/archive.sana.sy\/es\/wp-content\/uploads\/2021\/04\/photo_2021-04-06_12-10-28-1.jpg\" class=\"attachment-full size-full\" alt=\"\" srcset=\"https:\/\/archive.sana.sy\/es\/wp-content\/uploads\/2021\/04\/photo_2021-04-06_12-10-28-1.jpg 1280w, https:\/\/archive.sana.sy\/es\/wp-content\/uploads\/2021\/04\/photo_2021-04-06_12-10-28-1-300x211.jpg 300w, https:\/\/archive.sana.sy\/es\/wp-content\/uploads\/2021\/04\/photo_2021-04-06_12-10-28-1-1024x720.jpg 1024w, https:\/\/archive.sana.sy\/es\/wp-content\/uploads\/2021\/04\/photo_2021-04-06_12-10-28-1-150x105.jpg 150w, https:\/\/archive.sana.sy\/es\/wp-content\/uploads\/2021\/04\/photo_2021-04-06_12-10-28-1-768x540.jpg 768w\" sizes=\"(max-width: 1280px) 100vw, 1280px\" \/><\/a>\n\t\t\t<\/div><\/figure><figure class='gallery-item'>\n\t\t\t<div class='gallery-icon landscape'>\n\t\t\t\t<a href='https:\/\/archive.sana.sy\/es\/wp-content\/uploads\/2021\/04\/photo_2021-04-06_12-10-30.jpg'><img loading=\"lazy\" decoding=\"async\" width=\"1280\" height=\"786\" src=\"https:\/\/archive.sana.sy\/es\/wp-content\/uploads\/2021\/04\/photo_2021-04-06_12-10-30.jpg\" class=\"attachment-full size-full\" alt=\"\" srcset=\"https:\/\/archive.sana.sy\/es\/wp-content\/uploads\/2021\/04\/photo_2021-04-06_12-10-30.jpg 1280w, https:\/\/archive.sana.sy\/es\/wp-content\/uploads\/2021\/04\/photo_2021-04-06_12-10-30-300x184.jpg 300w, https:\/\/archive.sana.sy\/es\/wp-content\/uploads\/2021\/04\/photo_2021-04-06_12-10-30-1024x629.jpg 1024w, https:\/\/archive.sana.sy\/es\/wp-content\/uploads\/2021\/04\/photo_2021-04-06_12-10-30-150x92.jpg 150w, https:\/\/archive.sana.sy\/es\/wp-content\/uploads\/2021\/04\/photo_2021-04-06_12-10-30-768x472.jpg 768w\" sizes=\"(max-width: 1280px) 100vw, 1280px\" \/><\/a>\n\t\t\t<\/div><\/figure><figure class='gallery-item'>\n\t\t\t<div class='gallery-icon landscape'>\n\t\t\t\t<a href='https:\/\/archive.sana.sy\/es\/wp-content\/uploads\/2021\/04\/photo_2021-04-06_12-10-33.jpg'><img loading=\"lazy\" decoding=\"async\" width=\"1280\" height=\"804\" src=\"https:\/\/archive.sana.sy\/es\/wp-content\/uploads\/2021\/04\/photo_2021-04-06_12-10-33.jpg\" class=\"attachment-full size-full\" alt=\"\" srcset=\"https:\/\/archive.sana.sy\/es\/wp-content\/uploads\/2021\/04\/photo_2021-04-06_12-10-33.jpg 1280w, https:\/\/archive.sana.sy\/es\/wp-content\/uploads\/2021\/04\/photo_2021-04-06_12-10-33-300x188.jpg 300w, https:\/\/archive.sana.sy\/es\/wp-content\/uploads\/2021\/04\/photo_2021-04-06_12-10-33-1024x643.jpg 1024w, https:\/\/archive.sana.sy\/es\/wp-content\/uploads\/2021\/04\/photo_2021-04-06_12-10-33-150x94.jpg 150w, https:\/\/archive.sana.sy\/es\/wp-content\/uploads\/2021\/04\/photo_2021-04-06_12-10-33-768x482.jpg 768w\" sizes=\"(max-width: 1280px) 100vw, 1280px\" \/><\/a>\n\t\t\t<\/div><\/figure>\n\t\t<\/div>\n\n<p style=\"text-align: justify;\"><span style=\"color: #0000ff;\">ed\/fm<\/span><\/p>\n","protected":false},"excerpt":{"rendered":"<p>Deraa, SANA Las autoridades competentes incautaron armas y municiones, remanentes de terroristas, en la Regi\u00f3n Sur del pa\u00eds. De acuerdo a reportes del corresponsal de SANA, \u201cel pertrecho b\u00e9lico fue detectado durante las operaciones para completar la estabilizaci\u00f3n de las \u00e1reas liberadas en la regi\u00f3n sur del pa\u00eds\u201d. Entre las incautaciones figuran misiles port\u00e1tiles y &hellip;<\/p>\n","protected":false},"author":32,"featured_media":175287,"comment_status":"closed","ping_status":"closed","sticky":false,"template":"","format":"standard","meta":{"footnotes":""},"categories":[477,447,597,573,476,583],"tags":[],"class_list":["post-175277","post","type-post","status-publish","format-standard","has-post-thumbnail","","category-noticias-edulcorantes","category-local-politica","category-cinta-de-noticias","category-la-realidad-de-los-acontecimientos-en-siria","category-locales","category-slide"],"_links":{"self":[{"href":"https:\/\/archive.sana.sy\/es\/index.php?rest_route=\/wp\/v2\/posts\/175277"}],"collection":[{"href":"https:\/\/archive.sana.sy\/es\/index.php?rest_route=\/wp\/v2\/posts"}],"about":[{"href":"https:\/\/archive.sana.sy\/es\/index.php?rest_route=\/wp\/v2\/types\/post"}],"author":[{"embeddable":true,"href":"https:\/\/archive.sana.sy\/es\/index.php?rest_route=\/wp\/v2\/users\/32"}],"replies":[{"embeddable":true,"href":"https:\/\/archive.sana.sy\/es\/index.php?rest_route=%2Fwp%2Fv2%2Fcomments&post=175277"}],"version-history":[{"count":0,"href":"https:\/\/archive.sana.sy\/es\/index.php?rest_route=\/wp\/v2\/posts\/175277\/revisions"}],"wp:featuredmedia":[{"embeddable":true,"href":"https:\/\/archive.sana.sy\/es\/index.php?rest_route=\/wp\/v2\/media\/175287"}],"wp:attachment":[{"href":"https:\/\/archive.sana.sy\/es\/index.php?rest_route=%2Fwp%2Fv2%2Fmedia&parent=175277"}],"wp:term":[{"taxonomy":"category","embeddable":true,"href":"https:\/\/archive.sana.sy\/es\/index.php?rest_route=%2Fwp%2Fv2%2Fcategories&post=175277"},{"taxonomy":"post_tag","embeddable":true,"href":"https:\/\/archive.sana.sy\/es\/index.php?rest_route=%2Fwp%2Fv2%2Ftags&post=175277"}],"curies":[{"name":"wp","href":"https:\/\/api.w.org\/{rel}","templated":true}]}}