{"id":175308,"date":"2021-04-06T15:59:23","date_gmt":"2021-04-06T12:59:23","guid":{"rendered":"http:\/\/107.6.182.27\/es\/?p=175308"},"modified":"2023-01-10T14:29:33","modified_gmt":"2023-01-10T12:29:33","slug":"terroristas-de-daesh-secuestran-a-civiles-en-el-este-de-hama-fotos","status":"publish","type":"post","link":"https:\/\/archive.sana.sy\/es\/?p=175308","title":{"rendered":"Terroristas de Daesh matan y secuestran a civiles en el este de Hama (+ fotos)"},"content":{"rendered":"<p style=\"text-align: justify\"><span style=\"color: #800000\"><strong>Hama, SANA<\/strong><\/span><\/p>\n<p style=\"text-align: justify\">Un grupo de la organizaci\u00f3n terrorista de Daesh atac\u00f3 hoy con arma de fuego a lugare\u00f1os de la localidad de al-Saan en el sureste de la provincia de Hama mientras recolectaban trufas, inform\u00f3 el corresponsal de SANA.<\/p>\n<p style=\"text-align: justify\">Precis\u00f3 que en el ataque los terroristas secuestraron a varios ciudadanos de al-Saan, y causaron la muerte de uno y heridas a otros.<\/p>\n<p style=\"text-align: justify\">El 7 de marzo pasado, unos 18 civiles perdieron la vida y otros tres resultaron heridos tras el estallido de dos minas sembradas por los terroristas de Daesh en la zona de Salmiya en el este de Hama.<\/p>\n<p style=\"text-align: justify\"><strong><span style=\"color: #0000ff\">la\/fm\/ed<\/span><\/strong><\/p>\n<div id='gallery-1' class='gallery galleryid-175308 gallery-columns-1 gallery-size-full'><figure class='gallery-item'>\n\t\t\t<div class='gallery-icon landscape'>\n\t\t\t\t<a href='https:\/\/archive.sana.sy\/es\/wp-content\/uploads\/2021\/04\/salameya-11-300x190-1.jpg'><img loading=\"lazy\" decoding=\"async\" width=\"300\" height=\"190\" src=\"https:\/\/archive.sana.sy\/es\/wp-content\/uploads\/2021\/04\/salameya-11-300x190-1.jpg\" class=\"attachment-full size-full\" alt=\"\" srcset=\"https:\/\/archive.sana.sy\/es\/wp-content\/uploads\/2021\/04\/salameya-11-300x190-1.jpg 300w, https:\/\/archive.sana.sy\/es\/wp-content\/uploads\/2021\/04\/salameya-11-300x190-1-150x95.jpg 150w\" sizes=\"(max-width: 300px) 100vw, 300px\" \/><\/a>\n\t\t\t<\/div><\/figure>\n\t\t<\/div>\n\n","protected":false},"excerpt":{"rendered":"<p>Hama, SANA Un grupo de la organizaci\u00f3n terrorista de Daesh atac\u00f3 hoy con arma de fuego a lugare\u00f1os de la localidad de al-Saan en el sureste de la provincia de Hama mientras recolectaban trufas, inform\u00f3 el corresponsal de SANA. Precis\u00f3 que en el ataque los terroristas secuestraron a varios ciudadanos de al-Saan, y causaron la &hellip;<\/p>\n","protected":false},"author":32,"featured_media":175310,"comment_status":"closed","ping_status":"closed","sticky":false,"template":"","format":"standard","meta":{"footnotes":""},"categories":[477,447,597,476,7541],"tags":[],"class_list":["post-175308","post","type-post","status-publish","format-standard","has-post-thumbnail","","category-noticias-edulcorantes","category-local-politica","category-cinta-de-noticias","category-locales","category-ultimas-noticias"],"_links":{"self":[{"href":"https:\/\/archive.sana.sy\/es\/index.php?rest_route=\/wp\/v2\/posts\/175308"}],"collection":[{"href":"https:\/\/archive.sana.sy\/es\/index.php?rest_route=\/wp\/v2\/posts"}],"about":[{"href":"https:\/\/archive.sana.sy\/es\/index.php?rest_route=\/wp\/v2\/types\/post"}],"author":[{"embeddable":true,"href":"https:\/\/archive.sana.sy\/es\/index.php?rest_route=\/wp\/v2\/users\/32"}],"replies":[{"embeddable":true,"href":"https:\/\/archive.sana.sy\/es\/index.php?rest_route=%2Fwp%2Fv2%2Fcomments&post=175308"}],"version-history":[{"count":0,"href":"https:\/\/archive.sana.sy\/es\/index.php?rest_route=\/wp\/v2\/posts\/175308\/revisions"}],"wp:featuredmedia":[{"embeddable":true,"href":"https:\/\/archive.sana.sy\/es\/index.php?rest_route=\/wp\/v2\/media\/175310"}],"wp:attachment":[{"href":"https:\/\/archive.sana.sy\/es\/index.php?rest_route=%2Fwp%2Fv2%2Fmedia&parent=175308"}],"wp:term":[{"taxonomy":"category","embeddable":true,"href":"https:\/\/archive.sana.sy\/es\/index.php?rest_route=%2Fwp%2Fv2%2Fcategories&post=175308"},{"taxonomy":"post_tag","embeddable":true,"href":"https:\/\/archive.sana.sy\/es\/index.php?rest_route=%2Fwp%2Fv2%2Ftags&post=175308"}],"curies":[{"name":"wp","href":"https:\/\/api.w.org\/{rel}","templated":true}]}}