{"id":175318,"date":"2021-04-06T15:33:18","date_gmt":"2021-04-06T12:33:18","guid":{"rendered":"http:\/\/107.6.182.27\/es\/?p=175318"},"modified":"2021-04-06T17:35:16","modified_gmt":"2021-04-06T14:35:16","slug":"comunidad-arabe-en-brasil-exige-a-la-ue-levantar-las-inhumanas-medidas-impuestas-al-pueblo-sirio","status":"publish","type":"post","link":"https:\/\/archive.sana.sy\/es\/?p=175318","title":{"rendered":"Comunidad \u00e1rabe en Brasil exige a la UE levantar inhumanas medidas impuestas al pueblo sirio"},"content":{"rendered":"<p style=\"text-align: justify\"><span style=\"color: #800000\">Brasilia, SANA<\/span><\/p>\n<p style=\"text-align: justify\">Los representantes de la comunidad \u00e1rabe en Brasil entregaron una misiva a la misi\u00f3n de la Uni\u00f3n Europea y la Nunciatura Apost\u00f3lica en Brasilia, en la que exigieron levantar las injustas medidas coercitivas impuestas al pueblo sirio.<\/p>\n<p style=\"text-align: justify\">En la carta, la comunidad \u00e1rabe integrada mayoritariamente de ciudadanos de origen sirio y liban\u00e9s, 14 millones y la mayor\u00eda cargan nacionalidad brasile\u00f1a, hizo hincapi\u00e9 en que el bloqueo econ\u00f3mico aplicado contra Siria \u201ces una clara violaci\u00f3n de los principios de la ONU y el Derecho Humano\u201d, e instaron \u201centablar un di\u00e1logo con el gobierno sirio basado en el respeto mutuo\u201d.<\/p>\n<p style=\"text-align: justify\">Llamaron atenci\u00f3n al catastr\u00f3fico impacto de estas medidas unilaterales sobre la vida diaria de la poblaci\u00f3n siria y su acceso a los f\u00e1rmacos y productos alimentarios, especialmente durante la contingencia sanitaria por la propagaci\u00f3n de la pandemia del Covid-19.<\/p>\n<p style=\"text-align: justify\">Concluyendo la carta, los firmantes dirigieron un llamamiento a los l\u00edderes de la UE para que deroguen estas medidas brutales cuya continuaci\u00f3n causar\u00e1 una cat\u00e1strofe humanitaria en Siria.<\/p>\n<p style=\"text-align: justify\"><span style=\"color: #0000ff\"><em><strong>la<\/strong><\/em><\/span><\/p>\n","protected":false},"excerpt":{"rendered":"<p>Brasilia, SANA Los representantes de la comunidad \u00e1rabe en Brasil entregaron una misiva a la misi\u00f3n de la Uni\u00f3n Europea y la Nunciatura Apost\u00f3lica en Brasilia, en la que exigieron levantar las injustas medidas coercitivas impuestas al pueblo sirio. En la carta, la comunidad \u00e1rabe integrada mayoritariamente de ciudadanos de origen sirio y liban\u00e9s, 14 &hellip;<\/p>\n","protected":false},"author":24,"featured_media":175319,"comment_status":"closed","ping_status":"closed","sticky":false,"template":"","format":"standard","meta":{"footnotes":""},"categories":[597,467,7541],"tags":[],"class_list":["post-175318","post","type-post","status-publish","format-standard","has-post-thumbnail","","category-cinta-de-noticias","category-siria-y-el-mundo","category-ultimas-noticias"],"_links":{"self":[{"href":"https:\/\/archive.sana.sy\/es\/index.php?rest_route=\/wp\/v2\/posts\/175318"}],"collection":[{"href":"https:\/\/archive.sana.sy\/es\/index.php?rest_route=\/wp\/v2\/posts"}],"about":[{"href":"https:\/\/archive.sana.sy\/es\/index.php?rest_route=\/wp\/v2\/types\/post"}],"author":[{"embeddable":true,"href":"https:\/\/archive.sana.sy\/es\/index.php?rest_route=\/wp\/v2\/users\/24"}],"replies":[{"embeddable":true,"href":"https:\/\/archive.sana.sy\/es\/index.php?rest_route=%2Fwp%2Fv2%2Fcomments&post=175318"}],"version-history":[{"count":0,"href":"https:\/\/archive.sana.sy\/es\/index.php?rest_route=\/wp\/v2\/posts\/175318\/revisions"}],"wp:featuredmedia":[{"embeddable":true,"href":"https:\/\/archive.sana.sy\/es\/index.php?rest_route=\/wp\/v2\/media\/175319"}],"wp:attachment":[{"href":"https:\/\/archive.sana.sy\/es\/index.php?rest_route=%2Fwp%2Fv2%2Fmedia&parent=175318"}],"wp:term":[{"taxonomy":"category","embeddable":true,"href":"https:\/\/archive.sana.sy\/es\/index.php?rest_route=%2Fwp%2Fv2%2Fcategories&post=175318"},{"taxonomy":"post_tag","embeddable":true,"href":"https:\/\/archive.sana.sy\/es\/index.php?rest_route=%2Fwp%2Fv2%2Ftags&post=175318"}],"curies":[{"name":"wp","href":"https:\/\/api.w.org\/{rel}","templated":true}]}}