{"id":175339,"date":"2021-04-06T19:52:10","date_gmt":"2021-04-06T16:52:10","guid":{"rendered":"http:\/\/107.6.182.27\/es\/?p=175339"},"modified":"2023-01-10T14:29:32","modified_gmt":"2023-01-10T12:29:32","slug":"canciller-sirio-aborda-telefonicamente-con-su-par-ruso-las-vias-de-consolidar-cooperacion-binacional","status":"publish","type":"post","link":"https:\/\/archive.sana.sy\/es\/?p=175339","title":{"rendered":"Cancilleres de Siria y Bielorrusia abordan v\u00edas para consolidar cooperaci\u00f3n binacional"},"content":{"rendered":"<p style=\"text-align: justify;\"><span style=\"color: #800000;\">Damasco, SANA<\/span><\/p>\n<p style=\"text-align: justify;\">El Ministro de Exteriores y Expatriados, Faisal Mekdad, mantuvo una conversaci\u00f3n telef\u00f3nica con su par bielorruso, Vlad\u00edmir Mak\u00e9i, en la que ambos destacaron la necesidad de redoblar esfuerzos para fortalecer las relaciones bilaterales a la luz de los desaf\u00edos que enfrentan los dos pa\u00edses amigos.<\/p>\n<p style=\"text-align: justify;\">Mekdad manifest\u00f3 el apoyo de Siria a Bielorrusia y a las medidas adoptadas por el presidente Alexander Lukashenko con vistas a enfrentar las pretensiones injerencistas exteriores.<\/p>\n<p style=\"text-align: justify;\">Asimismo, denunci\u00f3 las medidas coercitivas unilaterales aplicadas contra Bielorrusia, Siria y otras naciones soberanas, y se\u00f1al\u00f3 que algunos pa\u00edses occidentales mantienen esta pol\u00edtica para subyugar y socavar la voluntad de los pueblos del mundo.<\/p>\n<p style=\"text-align: justify;\">El canciller sirio agradeci\u00f3 a Bielorrusia por la asistencia que brinda al pueblo sirio, la cual ayuda a mantener la firmeza de los sirios frente a las repercusiones de la guerra terrorista y econ\u00f3mica desatada en su contra.<\/p>\n<p style=\"text-align: justify;\">Por su parte, el jefe de la diplomacia bielorrusa reiter\u00f3 el incondicional apoyo de su pa\u00eds a Siria bajo el liderazgo del presidente, Bashar al-Assad, frente al terrorismo y las injerencias extranjeras, as\u00ed como reafirm\u00f3 el apego de Bielorrusia a la soberan\u00eda, independencia e integridad territorial del pa\u00eds levantino.<\/p>\n<p style=\"text-align: justify;\">Exigi\u00f3 de nuevo el levantamiento de las medidas coercitivas contra el pueblo sirio, y resalt\u00f3 la necesidad de consolidar la cooperaci\u00f3n binacional en las instancias internacionales con el fin de hacer cara a las tentativas occidentales encaminadas a socavar la soberan\u00eda de Siria y Bielorrusia, y tergiversar la realidad de lo que est\u00e1 ocurriendo en los dos pa\u00edses.<\/p>\n<p style=\"text-align: justify;\">Valor\u00f3 altamente la postura solidaria de Siria con Bielorrusia, y llam\u00f3 a promover la cooperaci\u00f3n conjunta en todos los sectores para poder vencer los planes destinados a sembrar el caos y desestabilizar a los dos pa\u00edses.<\/p>\n<p style=\"text-align: justify;\">Los dos ministros acordaron apoyar los esfuerzos de los dos gobiernos, sirio y bielorruso, para dar seguimiento a la ejecuci\u00f3n de los convenios firmados, adem\u00e1s de garantizar el \u00e9xito de la labor de la Comisi\u00f3n Mixta Sirio-bielorrusa cuyas reuniones se celebrar\u00e1n pr\u00f3ximamente.<\/p>\n<p style=\"text-align: justify;\"><span style=\"color: #0000ff;\"><em><strong>la\/fm<\/strong><\/em><\/span><\/p>\n","protected":false},"excerpt":{"rendered":"<p>Damasco, SANA El Ministro de Exteriores y Expatriados, Faisal Mekdad, mantuvo una conversaci\u00f3n telef\u00f3nica con su par bielorruso, Vlad\u00edmir Mak\u00e9i, en la que ambos destacaron la necesidad de redoblar esfuerzos para fortalecer las relaciones bilaterales a la luz de los desaf\u00edos que enfrentan los dos pa\u00edses amigos. Mekdad manifest\u00f3 el apoyo de Siria a Bielorrusia &hellip;<\/p>\n","protected":false},"author":24,"featured_media":175340,"comment_status":"closed","ping_status":"closed","sticky":false,"template":"","format":"standard","meta":{"footnotes":""},"categories":[447,477,597,476,467,7541],"tags":[],"class_list":["post-175339","post","type-post","status-publish","format-standard","has-post-thumbnail","","category-local-politica","category-noticias-edulcorantes","category-cinta-de-noticias","category-locales","category-siria-y-el-mundo","category-ultimas-noticias"],"_links":{"self":[{"href":"https:\/\/archive.sana.sy\/es\/index.php?rest_route=\/wp\/v2\/posts\/175339"}],"collection":[{"href":"https:\/\/archive.sana.sy\/es\/index.php?rest_route=\/wp\/v2\/posts"}],"about":[{"href":"https:\/\/archive.sana.sy\/es\/index.php?rest_route=\/wp\/v2\/types\/post"}],"author":[{"embeddable":true,"href":"https:\/\/archive.sana.sy\/es\/index.php?rest_route=\/wp\/v2\/users\/24"}],"replies":[{"embeddable":true,"href":"https:\/\/archive.sana.sy\/es\/index.php?rest_route=%2Fwp%2Fv2%2Fcomments&post=175339"}],"version-history":[{"count":0,"href":"https:\/\/archive.sana.sy\/es\/index.php?rest_route=\/wp\/v2\/posts\/175339\/revisions"}],"wp:featuredmedia":[{"embeddable":true,"href":"https:\/\/archive.sana.sy\/es\/index.php?rest_route=\/wp\/v2\/media\/175340"}],"wp:attachment":[{"href":"https:\/\/archive.sana.sy\/es\/index.php?rest_route=%2Fwp%2Fv2%2Fmedia&parent=175339"}],"wp:term":[{"taxonomy":"category","embeddable":true,"href":"https:\/\/archive.sana.sy\/es\/index.php?rest_route=%2Fwp%2Fv2%2Fcategories&post=175339"},{"taxonomy":"post_tag","embeddable":true,"href":"https:\/\/archive.sana.sy\/es\/index.php?rest_route=%2Fwp%2Fv2%2Ftags&post=175339"}],"curies":[{"name":"wp","href":"https:\/\/api.w.org\/{rel}","templated":true}]}}