{"id":175356,"date":"2021-04-07T06:31:22","date_gmt":"2021-04-07T03:31:22","guid":{"rendered":"http:\/\/107.6.182.27\/es\/?p=175356"},"modified":"2023-01-10T14:29:32","modified_gmt":"2023-01-10T12:29:32","slug":"cifras-actualizadas-sobre-situacion-de-la-covid-19-en-siria","status":"publish","type":"post","link":"https:\/\/archive.sana.sy\/es\/?p=175356","title":{"rendered":"Cifras actualizadas sobre situaci\u00f3n de la Covid-19 en Siria"},"content":{"rendered":"<p style=\"text-align: justify;\"><span style=\"color: #800000;\"><strong>Damasco, SANA<\/strong><\/span><\/p>\n<p style=\"text-align: justify;\">Se confirmaron en las \u00faltimas 24 horas, 115 nuevos casos de Covid-19 para un acumulado nacional de 19.641.<\/p>\n<p style=\"text-align: justify;\">Seg\u00fan una nota difundida por la oficina de prensa del Ministerio de Salud, la mayor\u00eda de nuevos casos fueron confirmados en Ciudad de Damasco (43), Damasco-campo (23) y Latakia, (20).<\/p>\n<p style=\"text-align: justify;\">La nota indic\u00f3 que 118 enfermos se recuperaron del virus para un total de 13.434, mientras hubo 9 decesos lo que asciende a 1332 el n\u00famero de muertos por esta enfermedad.<\/p>\n<p style=\"text-align: justify;\"><span style=\"color: #0000ff;\"><strong>fm<\/strong><\/span><\/p>\n<p style=\"text-align: justify;\">\n","protected":false},"excerpt":{"rendered":"<p>Damasco, SANA Se confirmaron en las \u00faltimas 24 horas, 115 nuevos casos de Covid-19 para un acumulado nacional de 19.641. Seg\u00fan una nota difundida por la oficina de prensa del Ministerio de Salud, la mayor\u00eda de nuevos casos fueron confirmados en Ciudad de Damasco (43), Damasco-campo (23) y Latakia, (20). La nota indic\u00f3 que 118 &hellip;<\/p>\n","protected":false},"author":34,"featured_media":175359,"comment_status":"closed","ping_status":"closed","sticky":false,"template":"","format":"standard","meta":{"footnotes":""},"categories":[447,477,597,476,457,7541],"tags":[],"class_list":["post-175356","post","type-post","status-publish","format-standard","has-post-thumbnail","","category-local-politica","category-noticias-edulcorantes","category-cinta-de-noticias","category-locales","category-noticias-arabe-internacional-politica","category-ultimas-noticias"],"_links":{"self":[{"href":"https:\/\/archive.sana.sy\/es\/index.php?rest_route=\/wp\/v2\/posts\/175356"}],"collection":[{"href":"https:\/\/archive.sana.sy\/es\/index.php?rest_route=\/wp\/v2\/posts"}],"about":[{"href":"https:\/\/archive.sana.sy\/es\/index.php?rest_route=\/wp\/v2\/types\/post"}],"author":[{"embeddable":true,"href":"https:\/\/archive.sana.sy\/es\/index.php?rest_route=\/wp\/v2\/users\/34"}],"replies":[{"embeddable":true,"href":"https:\/\/archive.sana.sy\/es\/index.php?rest_route=%2Fwp%2Fv2%2Fcomments&post=175356"}],"version-history":[{"count":0,"href":"https:\/\/archive.sana.sy\/es\/index.php?rest_route=\/wp\/v2\/posts\/175356\/revisions"}],"wp:featuredmedia":[{"embeddable":true,"href":"https:\/\/archive.sana.sy\/es\/index.php?rest_route=\/wp\/v2\/media\/175359"}],"wp:attachment":[{"href":"https:\/\/archive.sana.sy\/es\/index.php?rest_route=%2Fwp%2Fv2%2Fmedia&parent=175356"}],"wp:term":[{"taxonomy":"category","embeddable":true,"href":"https:\/\/archive.sana.sy\/es\/index.php?rest_route=%2Fwp%2Fv2%2Fcategories&post=175356"},{"taxonomy":"post_tag","embeddable":true,"href":"https:\/\/archive.sana.sy\/es\/index.php?rest_route=%2Fwp%2Fv2%2Ftags&post=175356"}],"curies":[{"name":"wp","href":"https:\/\/api.w.org\/{rel}","templated":true}]}}