{"id":175367,"date":"2021-04-07T08:06:29","date_gmt":"2021-04-07T05:06:29","guid":{"rendered":"http:\/\/107.6.182.27\/es\/?p=175367"},"modified":"2023-01-10T15:14:21","modified_gmt":"2023-01-10T13:14:21","slug":"arranco-en-damasco-la-3a-edicion-de-la-conferencia-inversion-y-asociacion","status":"publish","type":"post","link":"https:\/\/archive.sana.sy\/es\/?p=175367","title":{"rendered":"Arranc\u00f3 en Damasco la 3\u00aa Edici\u00f3n de la Conferencia \u201cInversi\u00f3n y Asociaci\u00f3n\u201d"},"content":{"rendered":"<p style=\"text-align: justify;\"><strong><span style=\"color: #800000;\">Damasco, SANA<\/span><\/strong><\/p>\n<p style=\"text-align: justify;\">Con la participaci\u00f3n de empresarios de varios pa\u00edses \u00e1rabes y extranjeros, arranc\u00f3 en la capital Damasco, la Tercera Conferencia &#8220;Inversi\u00f3n y Asociaci\u00f3n&#8221; organizada por el Comit\u00e9 de Mujeres Empresarias de la C\u00e1mara de Industria de Damasco, en cooperaci\u00f3n con el Ministerio de Industria.<\/p>\n<p style=\"text-align: justify;\">Est\u00e1n presentes en el evento, empresarios e inversores de varios pa\u00edses entre ellos Rusia, Ir\u00e1n, L\u00edbano, Jordania, Irak, Yemen, Emiratos \u00c1rabes Unidos, Egipto y la Rep\u00fablica de Donetsk.<\/p>\n<p style=\"text-align: justify;\">Las actividades del evento incluyen sesiones de debate bajo el lema \u201cInvestigaciones y soluciones creativas en la fase de reconstrucci\u00f3n\u201d, as\u00ed como se lanz\u00f3 la primera Plataforma Digital de los emprendedores en Siria.<\/p>\n<p style=\"text-align: justify;\">Asimismo, se plante\u00f3 un grupo de proyectos de inversi\u00f3n propuestos por la Autoridad de Inversiones de Siria, el \u00d3rgano de Desarrollo Inmobiliario, la Comisi\u00f3n de Planificaci\u00f3n y Cooperaci\u00f3n Internacional y el Ministerio de Industria, adem\u00e1s de una serie de proyectos para inversores e innovadores sirios.<\/p>\n<p style=\"text-align: justify;\">El viceministro de Industria, Jamal Al-Omar, destac\u00f3 en unas palabras, la importancia de la conferencia en la formaci\u00f3n de un espacio para la presentaci\u00f3n pr\u00e1ctica de oportunidades de inversi\u00f3n p\u00fablica y privada, adem\u00e1s de activar el papel de los expatriados sirios en proyectos de reconstrucci\u00f3n y construir proyectos estrat\u00e9gicos y asociaciones con inversores de otros pa\u00edses.<\/p>\n<p style=\"text-align: justify;\"><strong><span style=\"color: #0000ff;\">fm\/ed<\/span><\/strong><\/p>\n<div id='gallery-1' class='gallery galleryid-175367 gallery-columns-1 gallery-size-full'><figure class='gallery-item'>\n\t\t\t<div class='gallery-icon landscape'>\n\t\t\t\t<a href='https:\/\/archive.sana.sy\/es\/wp-content\/uploads\/2021\/04\/10-2.gif'><img loading=\"lazy\" decoding=\"async\" width=\"660\" height=\"370\" src=\"https:\/\/archive.sana.sy\/es\/wp-content\/uploads\/2021\/04\/10-2.gif\" class=\"attachment-full size-full\" alt=\"\" \/><\/a>\n\t\t\t<\/div><\/figure><figure class='gallery-item'>\n\t\t\t<div class='gallery-icon landscape'>\n\t\t\t\t<a href='https:\/\/archive.sana.sy\/es\/wp-content\/uploads\/2021\/04\/ROD_5808-768x511-1.jpg'><img loading=\"lazy\" decoding=\"async\" width=\"768\" height=\"511\" src=\"https:\/\/archive.sana.sy\/es\/wp-content\/uploads\/2021\/04\/ROD_5808-768x511-1.jpg\" class=\"attachment-full size-full\" alt=\"\" srcset=\"https:\/\/archive.sana.sy\/es\/wp-content\/uploads\/2021\/04\/ROD_5808-768x511-1.jpg 768w, https:\/\/archive.sana.sy\/es\/wp-content\/uploads\/2021\/04\/ROD_5808-768x511-1-300x200.jpg 300w, https:\/\/archive.sana.sy\/es\/wp-content\/uploads\/2021\/04\/ROD_5808-768x511-1-150x100.jpg 150w, https:\/\/archive.sana.sy\/es\/wp-content\/uploads\/2021\/04\/ROD_5808-768x511-1-310x205.jpg 310w\" sizes=\"(max-width: 768px) 100vw, 768px\" \/><\/a>\n\t\t\t<\/div><\/figure><figure class='gallery-item'>\n\t\t\t<div class='gallery-icon landscape'>\n\t\t\t\t<a href='https:\/\/archive.sana.sy\/es\/wp-content\/uploads\/2021\/04\/ROD_5832-768x511-1.jpg'><img loading=\"lazy\" decoding=\"async\" width=\"768\" height=\"511\" src=\"https:\/\/archive.sana.sy\/es\/wp-content\/uploads\/2021\/04\/ROD_5832-768x511-1.jpg\" class=\"attachment-full size-full\" alt=\"\" srcset=\"https:\/\/archive.sana.sy\/es\/wp-content\/uploads\/2021\/04\/ROD_5832-768x511-1.jpg 768w, https:\/\/archive.sana.sy\/es\/wp-content\/uploads\/2021\/04\/ROD_5832-768x511-1-300x200.jpg 300w, https:\/\/archive.sana.sy\/es\/wp-content\/uploads\/2021\/04\/ROD_5832-768x511-1-150x100.jpg 150w, https:\/\/archive.sana.sy\/es\/wp-content\/uploads\/2021\/04\/ROD_5832-768x511-1-310x205.jpg 310w\" sizes=\"(max-width: 768px) 100vw, 768px\" \/><\/a>\n\t\t\t<\/div><\/figure>\n\t\t<\/div>\n\n","protected":false},"excerpt":{"rendered":"<p>Damasco, SANA Con la participaci\u00f3n de empresarios de varios pa\u00edses \u00e1rabes y extranjeros, arranc\u00f3 en la capital Damasco, la Tercera Conferencia &#8220;Inversi\u00f3n y Asociaci\u00f3n&#8221; organizada por el Comit\u00e9 de Mujeres Empresarias de la C\u00e1mara de Industria de Damasco, en cooperaci\u00f3n con el Ministerio de Industria. Est\u00e1n presentes en el evento, empresarios e inversores de varios &hellip;<\/p>\n","protected":false},"author":32,"featured_media":175368,"comment_status":"closed","ping_status":"closed","sticky":false,"template":"","format":"standard","meta":{"footnotes":""},"categories":[597,16686,485,7541],"tags":[],"class_list":["post-175367","post","type-post","status-publish","format-standard","has-post-thumbnail","","category-cinta-de-noticias","category-economia","category-informes-negocios-y-finanzas","category-ultimas-noticias"],"_links":{"self":[{"href":"https:\/\/archive.sana.sy\/es\/index.php?rest_route=\/wp\/v2\/posts\/175367"}],"collection":[{"href":"https:\/\/archive.sana.sy\/es\/index.php?rest_route=\/wp\/v2\/posts"}],"about":[{"href":"https:\/\/archive.sana.sy\/es\/index.php?rest_route=\/wp\/v2\/types\/post"}],"author":[{"embeddable":true,"href":"https:\/\/archive.sana.sy\/es\/index.php?rest_route=\/wp\/v2\/users\/32"}],"replies":[{"embeddable":true,"href":"https:\/\/archive.sana.sy\/es\/index.php?rest_route=%2Fwp%2Fv2%2Fcomments&post=175367"}],"version-history":[{"count":0,"href":"https:\/\/archive.sana.sy\/es\/index.php?rest_route=\/wp\/v2\/posts\/175367\/revisions"}],"wp:featuredmedia":[{"embeddable":true,"href":"https:\/\/archive.sana.sy\/es\/index.php?rest_route=\/wp\/v2\/media\/175368"}],"wp:attachment":[{"href":"https:\/\/archive.sana.sy\/es\/index.php?rest_route=%2Fwp%2Fv2%2Fmedia&parent=175367"}],"wp:term":[{"taxonomy":"category","embeddable":true,"href":"https:\/\/archive.sana.sy\/es\/index.php?rest_route=%2Fwp%2Fv2%2Fcategories&post=175367"},{"taxonomy":"post_tag","embeddable":true,"href":"https:\/\/archive.sana.sy\/es\/index.php?rest_route=%2Fwp%2Fv2%2Ftags&post=175367"}],"curies":[{"name":"wp","href":"https:\/\/api.w.org\/{rel}","templated":true}]}}