{"id":17544,"date":"2015-02-06T21:10:30","date_gmt":"2015-02-06T19:10:30","guid":{"rendered":"http:\/\/www.sana.sy\/es\/?p=17544"},"modified":"2015-02-06T21:02:16","modified_gmt":"2015-02-06T19:02:16","slug":"lavrov-examinara-con-de-mistura-los-resultados-de-la-reunion-consultiva-de-moscu-sobre-la-crisis-siria","status":"publish","type":"post","link":"https:\/\/archive.sana.sy\/es\/?p=17544","title":{"rendered":"Lavrov examinar\u00e1 con de Mistura los resultados de la reuni\u00f3n consultiva de Mosc\u00fa sobre la crisis siria"},"content":{"rendered":"<p style=\"text-align: justify\"><span style=\"color: #800000\">Mosc\u00fa, SANA<\/span><\/p>\n<p style=\"text-align: justify\">El viceministro de Asuntos Exteriores ruso, Guennadi Gatilov, anunci\u00f3 que el Canciller Serguei Lavrov, examinar\u00e1 ma\u00f1ana, al margen de la Conferencia de Seguridad de M\u00fanich con el enviado de la ONU a Siria, Staffan de Mistura, los resultados de la reuni\u00f3n consultiva que tuvo lugar la semana pasada entre la delegaci\u00f3n de la Rep\u00fablica \u00c1rabe Siria y figuras de la oposici\u00f3n.<\/p>\n<p style=\"text-align: justify\">\u201cAmbas partes tratar\u00e1n tambi\u00e9n la iniciativa de De Mistura relativa con la garant\u00eda de alto el fuego en Alepo con el fin de facilitar la situaci\u00f3n humanitaria\u201d, Dijo Gatilov en una declaraci\u00f3n el viernes.<\/p>\n<p style=\"text-align: justify\"><span style=\"color: #0000ff\">Ghifar Al Ali\u00a0<\/span><\/p>\n","protected":false},"excerpt":{"rendered":"<p>Mosc\u00fa, SANA El viceministro de Asuntos Exteriores ruso, Guennadi Gatilov, anunci\u00f3 que el Canciller Serguei Lavrov, examinar\u00e1 ma\u00f1ana, al margen de la Conferencia de Seguridad de M\u00fanich con el enviado de la ONU a Siria, Staffan de Mistura, los resultados de la reuni\u00f3n consultiva que tuvo lugar la semana pasada entre la delegaci\u00f3n de la &hellip;<\/p>\n","protected":false},"author":1,"featured_media":17548,"comment_status":"closed","ping_status":"closed","sticky":false,"template":"","format":"standard","meta":{"footnotes":""},"categories":[597,456,457,576],"tags":[3967],"class_list":["post-17544","post","type-post","status-publish","format-standard","has-post-thumbnail","","category-cinta-de-noticias","category-arabe-internacional-politica","category-noticias-arabe-internacional-politica","category-noticias-politicas","tag-lavrov-examinara-con-de-mistura-los-resultados-de-la-reunion-consultiva-de-moscu-sobre-la-crisis-siria"],"_links":{"self":[{"href":"https:\/\/archive.sana.sy\/es\/index.php?rest_route=\/wp\/v2\/posts\/17544"}],"collection":[{"href":"https:\/\/archive.sana.sy\/es\/index.php?rest_route=\/wp\/v2\/posts"}],"about":[{"href":"https:\/\/archive.sana.sy\/es\/index.php?rest_route=\/wp\/v2\/types\/post"}],"author":[{"embeddable":true,"href":"https:\/\/archive.sana.sy\/es\/index.php?rest_route=\/wp\/v2\/users\/1"}],"replies":[{"embeddable":true,"href":"https:\/\/archive.sana.sy\/es\/index.php?rest_route=%2Fwp%2Fv2%2Fcomments&post=17544"}],"version-history":[{"count":0,"href":"https:\/\/archive.sana.sy\/es\/index.php?rest_route=\/wp\/v2\/posts\/17544\/revisions"}],"wp:featuredmedia":[{"embeddable":true,"href":"https:\/\/archive.sana.sy\/es\/index.php?rest_route=\/wp\/v2\/media\/17548"}],"wp:attachment":[{"href":"https:\/\/archive.sana.sy\/es\/index.php?rest_route=%2Fwp%2Fv2%2Fmedia&parent=17544"}],"wp:term":[{"taxonomy":"category","embeddable":true,"href":"https:\/\/archive.sana.sy\/es\/index.php?rest_route=%2Fwp%2Fv2%2Fcategories&post=17544"},{"taxonomy":"post_tag","embeddable":true,"href":"https:\/\/archive.sana.sy\/es\/index.php?rest_route=%2Fwp%2Fv2%2Ftags&post=17544"}],"curies":[{"name":"wp","href":"https:\/\/api.w.org\/{rel}","templated":true}]}}