{"id":17554,"date":"2015-02-07T12:56:51","date_gmt":"2015-02-07T10:56:51","guid":{"rendered":"http:\/\/www.sana.sy\/es\/?p=17554"},"modified":"2015-02-07T13:01:05","modified_gmt":"2015-02-07T11:01:05","slug":"the-times-una-ciudad-francesa-se-convierte-en-un-centro-para-el-reclutamiento-de-terroristas","status":"publish","type":"post","link":"https:\/\/archive.sana.sy\/es\/?p=17554","title":{"rendered":"The Times: una ciudad francesa se convierte en un centro para el reclutamiento de terroristas"},"content":{"rendered":"<p>Londres, SANA<\/p>\n<p>El peri\u00f3dico brit\u00e1nico \u201cThe Times\u201d revel\u00f3 que la ciudad de Lunel ubicada en el sur de Francia, se convirti\u00f3 en un centro para el reclutamiento de terroristas, teniendo en cuenta el creciente n\u00famero de personas que ha abandonado la mencionada ciudad para unirse a las organizaciones terroristas en Siria e Irak.<\/p>\n<p>El rotativo brit\u00e1nico public\u00f3 un reportaje en el que aclar\u00f3 que desde el a\u00f1o 2013, 17 vecinos de la ciudad francesa de Lunel, viajaron para unirse a las organizaciones terroristas extremistas en Siria e Irak, entre ellos hay tres que llevaron consigo a sus esposas o novias.<\/p>\n<p>Como parte de sus esfuerzos encaminados a detectar las razones que est\u00e1n detr\u00e1s de la trasformaci\u00f3n de la ciudad en un centro del extremismo en Francia, las autoridades de Lunel revelaron que algunos de los j\u00f3venes en paro se refugiaron en el \u201cextremismo\u201d, respondiendo a los llamados de los extremistas.<\/p>\n<p>Seg\u00fan el \u00faltimo censo de la Inteligencia francesa, el n\u00famero total de los franceses que han engrosado en las filas de las organizaciones terroristas en Siria e Irak, aument\u00f3 de 555 personas a 1281, entre enero del 2013 y mediados de enero del 2015, registrando un aumento en un 130% en un a\u00f1o.<\/p>\n<p>&nbsp;<br \/>\nFady M., Lynn A.<\/p>\n","protected":false},"excerpt":{"rendered":"<p>Londres, SANA El peri\u00f3dico brit\u00e1nico \u201cThe Times\u201d revel\u00f3 que la ciudad de Lunel ubicada en el sur de Francia, se convirti\u00f3 en un centro para el reclutamiento de terroristas, teniendo en cuenta el creciente n\u00famero de personas que ha abandonado la mencionada ciudad para unirse a las organizaciones terroristas en Siria e Irak. El rotativo &hellip;<\/p>\n","protected":false},"author":24,"featured_media":15926,"comment_status":"closed","ping_status":"closed","sticky":false,"template":"","format":"standard","meta":{"footnotes":""},"categories":[555,597,576],"tags":[3970],"class_list":["post-17554","post","type-post","status-publish","format-standard","has-post-thumbnail","","category-prensa","category-cinta-de-noticias","category-noticias-politicas","tag-the-times-una-ciudad-francesa-se-convierte-en-un-centro-para-el-reclutamiento-de-terroristas"],"_links":{"self":[{"href":"https:\/\/archive.sana.sy\/es\/index.php?rest_route=\/wp\/v2\/posts\/17554"}],"collection":[{"href":"https:\/\/archive.sana.sy\/es\/index.php?rest_route=\/wp\/v2\/posts"}],"about":[{"href":"https:\/\/archive.sana.sy\/es\/index.php?rest_route=\/wp\/v2\/types\/post"}],"author":[{"embeddable":true,"href":"https:\/\/archive.sana.sy\/es\/index.php?rest_route=\/wp\/v2\/users\/24"}],"replies":[{"embeddable":true,"href":"https:\/\/archive.sana.sy\/es\/index.php?rest_route=%2Fwp%2Fv2%2Fcomments&post=17554"}],"version-history":[{"count":0,"href":"https:\/\/archive.sana.sy\/es\/index.php?rest_route=\/wp\/v2\/posts\/17554\/revisions"}],"wp:featuredmedia":[{"embeddable":true,"href":"https:\/\/archive.sana.sy\/es\/index.php?rest_route=\/wp\/v2\/media\/15926"}],"wp:attachment":[{"href":"https:\/\/archive.sana.sy\/es\/index.php?rest_route=%2Fwp%2Fv2%2Fmedia&parent=17554"}],"wp:term":[{"taxonomy":"category","embeddable":true,"href":"https:\/\/archive.sana.sy\/es\/index.php?rest_route=%2Fwp%2Fv2%2Fcategories&post=17554"},{"taxonomy":"post_tag","embeddable":true,"href":"https:\/\/archive.sana.sy\/es\/index.php?rest_route=%2Fwp%2Fv2%2Ftags&post=17554"}],"curies":[{"name":"wp","href":"https:\/\/api.w.org\/{rel}","templated":true}]}}