{"id":175832,"date":"2021-04-11T14:42:16","date_gmt":"2021-04-11T11:42:16","guid":{"rendered":"http:\/\/107.6.182.27\/es\/?p=175832"},"modified":"2021-04-11T14:57:28","modified_gmt":"2021-04-11T11:57:28","slug":"reanudan-vuelos-regulares-entre-damasco-y-moscu","status":"publish","type":"post","link":"https:\/\/archive.sana.sy\/es\/?p=175832","title":{"rendered":"Reanudan vuelos regulares entre Damasco y Mosc\u00fa"},"content":{"rendered":"<p style=\"text-align: justify;\"><span style=\"color: #800000;\"><strong>Damasco, SANA<\/strong><\/span><\/p>\n<p style=\"text-align: justify;\">Despeg\u00f3 del Aeropuerto Internacional de Damasco el primer vuelo de pasajeros de la Compa\u00f1\u00eda Siria de Aviaci\u00f3n (Syrian Airlines).<\/p>\n<p style=\"text-align: justify;\">El avi\u00f3n aterrizar\u00e1 en el Aeropuerto Internacional de Vn\u00fakovo, y es el primero despu\u00e9s de la reanudaci\u00f3n de los vuelos regulares entre los dos pa\u00edses.<\/p>\n<p style=\"text-align: justify;\">Un directivo del Aeropuerto Internacional de Damasco dijo a SANA que habr\u00e1 un vuelo por semana y se tomar\u00e1n todas las medidas necesarias de prevenci\u00f3n de la Covid-19, adem\u00e1s de efectuar pruebas de los pasajeros en el Aeropuerto.<\/p>\n<p style=\"text-align: justify;\">Rusia anunci\u00f3 el d\u00eda 25 de febrero pasado, la reanudaci\u00f3n de los vuelos a\u00e9reos con varios pa\u00edses incluida Siria.<\/p>\n<p style=\"text-align: justify;\"><strong><span style=\"color: #0000ff;\">fm\/ed<\/span><\/strong><\/p>\n<div id='gallery-1' class='gallery galleryid-175832 gallery-columns-1 gallery-size-full'><figure class='gallery-item'>\n\t\t\t<div class='gallery-icon landscape'>\n\t\t\t\t<a href='https:\/\/archive.sana.sy\/es\/wp-content\/uploads\/2021\/04\/5-87-300x190-1.jpg'><img loading=\"lazy\" decoding=\"async\" width=\"300\" height=\"190\" src=\"https:\/\/archive.sana.sy\/es\/wp-content\/uploads\/2021\/04\/5-87-300x190-1.jpg\" class=\"attachment-full size-full\" alt=\"\" srcset=\"https:\/\/archive.sana.sy\/es\/wp-content\/uploads\/2021\/04\/5-87-300x190-1.jpg 300w, https:\/\/archive.sana.sy\/es\/wp-content\/uploads\/2021\/04\/5-87-300x190-1-150x95.jpg 150w\" sizes=\"(max-width: 300px) 100vw, 300px\" \/><\/a>\n\t\t\t<\/div><\/figure><figure class='gallery-item'>\n\t\t\t<div class='gallery-icon landscape'>\n\t\t\t\t<a href='https:\/\/archive.sana.sy\/es\/wp-content\/uploads\/2021\/04\/2-138-300x190-1.jpg'><img loading=\"lazy\" decoding=\"async\" width=\"300\" height=\"190\" src=\"https:\/\/archive.sana.sy\/es\/wp-content\/uploads\/2021\/04\/2-138-300x190-1.jpg\" class=\"attachment-full size-full\" alt=\"\" srcset=\"https:\/\/archive.sana.sy\/es\/wp-content\/uploads\/2021\/04\/2-138-300x190-1.jpg 300w, https:\/\/archive.sana.sy\/es\/wp-content\/uploads\/2021\/04\/2-138-300x190-1-150x95.jpg 150w\" sizes=\"(max-width: 300px) 100vw, 300px\" \/><\/a>\n\t\t\t<\/div><\/figure><figure class='gallery-item'>\n\t\t\t<div class='gallery-icon landscape'>\n\t\t\t\t<a href='https:\/\/archive.sana.sy\/es\/wp-content\/uploads\/2021\/04\/4-97-300x190-1.jpg'><img loading=\"lazy\" decoding=\"async\" width=\"300\" height=\"190\" src=\"https:\/\/archive.sana.sy\/es\/wp-content\/uploads\/2021\/04\/4-97-300x190-1.jpg\" class=\"attachment-full size-full\" alt=\"\" srcset=\"https:\/\/archive.sana.sy\/es\/wp-content\/uploads\/2021\/04\/4-97-300x190-1.jpg 300w, https:\/\/archive.sana.sy\/es\/wp-content\/uploads\/2021\/04\/4-97-300x190-1-150x95.jpg 150w\" sizes=\"(max-width: 300px) 100vw, 300px\" \/><\/a>\n\t\t\t<\/div><\/figure><figure class='gallery-item'>\n\t\t\t<div class='gallery-icon landscape'>\n\t\t\t\t<a href='https:\/\/archive.sana.sy\/es\/wp-content\/uploads\/2021\/04\/6-76-300x190-1.jpg'><img loading=\"lazy\" decoding=\"async\" width=\"300\" height=\"190\" src=\"https:\/\/archive.sana.sy\/es\/wp-content\/uploads\/2021\/04\/6-76-300x190-1.jpg\" class=\"attachment-full size-full\" alt=\"\" srcset=\"https:\/\/archive.sana.sy\/es\/wp-content\/uploads\/2021\/04\/6-76-300x190-1.jpg 300w, https:\/\/archive.sana.sy\/es\/wp-content\/uploads\/2021\/04\/6-76-300x190-1-150x95.jpg 150w\" sizes=\"(max-width: 300px) 100vw, 300px\" \/><\/a>\n\t\t\t<\/div><\/figure>\n\t\t<\/div>\n\n","protected":false},"excerpt":{"rendered":"<p>Damasco, SANA Despeg\u00f3 del Aeropuerto Internacional de Damasco el primer vuelo de pasajeros de la Compa\u00f1\u00eda Siria de Aviaci\u00f3n (Syrian Airlines). El avi\u00f3n aterrizar\u00e1 en el Aeropuerto Internacional de Vn\u00fakovo, y es el primero despu\u00e9s de la reanudaci\u00f3n de los vuelos regulares entre los dos pa\u00edses. Un directivo del Aeropuerto Internacional de Damasco dijo a &hellip;<\/p>\n","protected":false},"author":32,"featured_media":175833,"comment_status":"closed","ping_status":"closed","sticky":false,"template":"","format":"standard","meta":{"footnotes":""},"categories":[597,571,467,7541],"tags":[],"class_list":["post-175832","post","type-post","status-publish","format-standard","has-post-thumbnail","","category-cinta-de-noticias","category-siria-en-fotos","category-siria-y-el-mundo","category-ultimas-noticias"],"_links":{"self":[{"href":"https:\/\/archive.sana.sy\/es\/index.php?rest_route=\/wp\/v2\/posts\/175832"}],"collection":[{"href":"https:\/\/archive.sana.sy\/es\/index.php?rest_route=\/wp\/v2\/posts"}],"about":[{"href":"https:\/\/archive.sana.sy\/es\/index.php?rest_route=\/wp\/v2\/types\/post"}],"author":[{"embeddable":true,"href":"https:\/\/archive.sana.sy\/es\/index.php?rest_route=\/wp\/v2\/users\/32"}],"replies":[{"embeddable":true,"href":"https:\/\/archive.sana.sy\/es\/index.php?rest_route=%2Fwp%2Fv2%2Fcomments&post=175832"}],"version-history":[{"count":0,"href":"https:\/\/archive.sana.sy\/es\/index.php?rest_route=\/wp\/v2\/posts\/175832\/revisions"}],"wp:featuredmedia":[{"embeddable":true,"href":"https:\/\/archive.sana.sy\/es\/index.php?rest_route=\/wp\/v2\/media\/175833"}],"wp:attachment":[{"href":"https:\/\/archive.sana.sy\/es\/index.php?rest_route=%2Fwp%2Fv2%2Fmedia&parent=175832"}],"wp:term":[{"taxonomy":"category","embeddable":true,"href":"https:\/\/archive.sana.sy\/es\/index.php?rest_route=%2Fwp%2Fv2%2Fcategories&post=175832"},{"taxonomy":"post_tag","embeddable":true,"href":"https:\/\/archive.sana.sy\/es\/index.php?rest_route=%2Fwp%2Fv2%2Ftags&post=175832"}],"curies":[{"name":"wp","href":"https:\/\/api.w.org\/{rel}","templated":true}]}}