{"id":175841,"date":"2021-04-11T15:06:38","date_gmt":"2021-04-11T12:06:38","guid":{"rendered":"http:\/\/107.6.182.27\/es\/?p=175841"},"modified":"2021-04-11T15:09:46","modified_gmt":"2021-04-11T12:09:46","slug":"presidente-al-assad-recibe-credenciales-de-los-embajadores-de-argentina-y-mauritania-en-siria","status":"publish","type":"post","link":"https:\/\/archive.sana.sy\/es\/?p=175841","title":{"rendered":"Presidente Al-Assad recibe credenciales de los embajadores de Argentina y Mauritania en Siria (fotos)"},"content":{"rendered":"<p style=\"text-align: justify;\"><span style=\"color: #800000;\"><strong>Damasco, SANA<\/strong><\/span><\/p>\n<p style=\"text-align: justify;\">El presidente Bashar Al-Assad, recibi\u00f3 hoy las credenciales del Embajador de la Rep\u00fablica Isl\u00e1mica de Mauritania, Ahmed Adi Muhammad Al-Razi, y el Embajador de la Rep\u00fablica Argentina, Sebastian Zavala, ante el gobierno de la Rep\u00fablica \u00c1rabe Siria.<\/p>\n<p style=\"text-align: justify;\">El presidente se reuni\u00f3 por separado con los dos embajadores, e intercambi\u00f3 conversaciones con ellos y les dese\u00f3 \u00e9xito en sus funciones.<\/p>\n<p style=\"text-align: justify;\">Los dos embajadores fueron recibidos y despedidos en el Palacio del Pueblo con los protocolos habituales.<\/p>\n<p style=\"text-align: justify;\">A la ceremonia de presentaci\u00f3n de las credenciales asistieron Faisal Al-Mekdad, Ministro de Exteriores y Expatriados, y Mansour Azzam, Ministro de Asuntos Presidenciales.<\/p>\n<p style=\"text-align: justify;\"><strong><span style=\"color: #0000ff;\">fm\/ed<\/span><\/strong><\/p>\n<div id='gallery-1' class='gallery galleryid-175841 gallery-columns-1 gallery-size-full'><figure class='gallery-item'>\n\t\t\t<div class='gallery-icon landscape'>\n\t\t\t\t<a href='https:\/\/archive.sana.sy\/es\/wp-content\/uploads\/2021\/04\/3-121-768x378-1.jpg'><img loading=\"lazy\" decoding=\"async\" width=\"768\" height=\"378\" src=\"https:\/\/archive.sana.sy\/es\/wp-content\/uploads\/2021\/04\/3-121-768x378-1.jpg\" class=\"attachment-full size-full\" alt=\"\" srcset=\"https:\/\/archive.sana.sy\/es\/wp-content\/uploads\/2021\/04\/3-121-768x378-1.jpg 768w, https:\/\/archive.sana.sy\/es\/wp-content\/uploads\/2021\/04\/3-121-768x378-1-300x148.jpg 300w, https:\/\/archive.sana.sy\/es\/wp-content\/uploads\/2021\/04\/3-121-768x378-1-150x74.jpg 150w\" sizes=\"(max-width: 768px) 100vw, 768px\" \/><\/a>\n\t\t\t<\/div><\/figure><figure class='gallery-item'>\n\t\t\t<div class='gallery-icon landscape'>\n\t\t\t\t<a href='https:\/\/archive.sana.sy\/es\/wp-content\/uploads\/2021\/04\/2-139-768x378-1.jpg'><img loading=\"lazy\" decoding=\"async\" width=\"768\" height=\"378\" src=\"https:\/\/archive.sana.sy\/es\/wp-content\/uploads\/2021\/04\/2-139-768x378-1.jpg\" class=\"attachment-full size-full\" alt=\"\" srcset=\"https:\/\/archive.sana.sy\/es\/wp-content\/uploads\/2021\/04\/2-139-768x378-1.jpg 768w, https:\/\/archive.sana.sy\/es\/wp-content\/uploads\/2021\/04\/2-139-768x378-1-300x148.jpg 300w, https:\/\/archive.sana.sy\/es\/wp-content\/uploads\/2021\/04\/2-139-768x378-1-150x74.jpg 150w\" sizes=\"(max-width: 768px) 100vw, 768px\" \/><\/a>\n\t\t\t<\/div><\/figure><figure class='gallery-item'>\n\t\t\t<div class='gallery-icon landscape'>\n\t\t\t\t<a href='https:\/\/archive.sana.sy\/es\/wp-content\/uploads\/2021\/04\/4-98-768x352-1.jpg'><img loading=\"lazy\" decoding=\"async\" width=\"768\" height=\"352\" src=\"https:\/\/archive.sana.sy\/es\/wp-content\/uploads\/2021\/04\/4-98-768x352-1.jpg\" class=\"attachment-full size-full\" alt=\"\" srcset=\"https:\/\/archive.sana.sy\/es\/wp-content\/uploads\/2021\/04\/4-98-768x352-1.jpg 768w, https:\/\/archive.sana.sy\/es\/wp-content\/uploads\/2021\/04\/4-98-768x352-1-300x138.jpg 300w, https:\/\/archive.sana.sy\/es\/wp-content\/uploads\/2021\/04\/4-98-768x352-1-150x69.jpg 150w\" sizes=\"(max-width: 768px) 100vw, 768px\" \/><\/a>\n\t\t\t<\/div><\/figure>\n\t\t<\/div>\n\n","protected":false},"excerpt":{"rendered":"<p>Damasco, SANA El presidente Bashar Al-Assad, recibi\u00f3 hoy las credenciales del Embajador de la Rep\u00fablica Isl\u00e1mica de Mauritania, Ahmed Adi Muhammad Al-Razi, y el Embajador de la Rep\u00fablica Argentina, Sebastian Zavala, ante el gobierno de la Rep\u00fablica \u00c1rabe Siria. El presidente se reuni\u00f3 por separado con los dos embajadores, e intercambi\u00f3 conversaciones con ellos y &hellip;<\/p>\n","protected":false},"author":32,"featured_media":175845,"comment_status":"closed","ping_status":"closed","sticky":false,"template":"","format":"standard","meta":{"footnotes":""},"categories":[597,16237,583],"tags":[],"class_list":["post-175841","post","type-post","status-publish","format-standard","has-post-thumbnail","","category-cinta-de-noticias","category-presidence-de-la-republique-arabe-syria","category-slide"],"_links":{"self":[{"href":"https:\/\/archive.sana.sy\/es\/index.php?rest_route=\/wp\/v2\/posts\/175841"}],"collection":[{"href":"https:\/\/archive.sana.sy\/es\/index.php?rest_route=\/wp\/v2\/posts"}],"about":[{"href":"https:\/\/archive.sana.sy\/es\/index.php?rest_route=\/wp\/v2\/types\/post"}],"author":[{"embeddable":true,"href":"https:\/\/archive.sana.sy\/es\/index.php?rest_route=\/wp\/v2\/users\/32"}],"replies":[{"embeddable":true,"href":"https:\/\/archive.sana.sy\/es\/index.php?rest_route=%2Fwp%2Fv2%2Fcomments&post=175841"}],"version-history":[{"count":0,"href":"https:\/\/archive.sana.sy\/es\/index.php?rest_route=\/wp\/v2\/posts\/175841\/revisions"}],"wp:featuredmedia":[{"embeddable":true,"href":"https:\/\/archive.sana.sy\/es\/index.php?rest_route=\/wp\/v2\/media\/175845"}],"wp:attachment":[{"href":"https:\/\/archive.sana.sy\/es\/index.php?rest_route=%2Fwp%2Fv2%2Fmedia&parent=175841"}],"wp:term":[{"taxonomy":"category","embeddable":true,"href":"https:\/\/archive.sana.sy\/es\/index.php?rest_route=%2Fwp%2Fv2%2Fcategories&post=175841"},{"taxonomy":"post_tag","embeddable":true,"href":"https:\/\/archive.sana.sy\/es\/index.php?rest_route=%2Fwp%2Fv2%2Ftags&post=175841"}],"curies":[{"name":"wp","href":"https:\/\/api.w.org\/{rel}","templated":true}]}}