{"id":17585,"date":"2015-02-07T16:51:06","date_gmt":"2015-02-07T14:51:06","guid":{"rendered":"http:\/\/www.sana.sy\/es\/?p=17585"},"modified":"2015-02-07T16:59:41","modified_gmt":"2015-02-07T14:59:41","slug":"cancilleria-rusa-de-mistura-evaluo-altamente-el-encuentro-consultivo-de-moscu-entre-la-delegacion-gubernamental-siria-y-la-oposicion","status":"publish","type":"post","link":"https:\/\/archive.sana.sy\/es\/?p=17585","title":{"rendered":"Rusia: de Mistura evalu\u00f3 altamente el \u00faltimo encuentro consultivo de Mosc\u00fa"},"content":{"rendered":"<p>Mosc\u00fa, SANA<\/p>\n<p>La Canciller\u00eda rusa anunci\u00f3 este s\u00e1bado que el enviado especial de la ONU para Siria, Staffan de Mistura, evalu\u00f3 altamente la reuni\u00f3n consultiva que se hab\u00eda celebrado recientemente entre la delegaci\u00f3n oficial siria y las figuras de la oposici\u00f3n en Mosc\u00fa.<\/p>\n<p>En un comunicado emitido este s\u00e1bado, el Ministerio de Exteriores ruso se\u00f1al\u00f3 que ello ocurri\u00f3 durante una reuni\u00f3n sostenida entre de Mistura y el canciller ruso, Serguei Lavrov, al margen de la cumbre de Seguridad de M\u00fanich que se desarrolla en Alemania.<\/p>\n<p>\u201cLavrov y de Mistura examinaron las v\u00edas de implementar el plan del enviado de la ONU relativo a la congelaci\u00f3n del combate a trav\u00e9s de las reconciliaciones locales, as\u00ed como resaltaron la importancia de aunar los esfuerzos en materia de la lucha contra el terrorismo en la regi\u00f3n\u201d, rez\u00f3 el comunicado.<\/p>\n<p>Lynn A.<\/p>\n","protected":false},"excerpt":{"rendered":"<p>Mosc\u00fa, SANA La Canciller\u00eda rusa anunci\u00f3 este s\u00e1bado que el enviado especial de la ONU para Siria, Staffan de Mistura, evalu\u00f3 altamente la reuni\u00f3n consultiva que se hab\u00eda celebrado recientemente entre la delegaci\u00f3n oficial siria y las figuras de la oposici\u00f3n en Mosc\u00fa. En un comunicado emitido este s\u00e1bado, el Ministerio de Exteriores ruso se\u00f1al\u00f3 &hellip;<\/p>\n","protected":false},"author":24,"featured_media":5812,"comment_status":"closed","ping_status":"closed","sticky":false,"template":"","format":"standard","meta":{"footnotes":""},"categories":[597,456,457,576],"tags":[3976],"class_list":["post-17585","post","type-post","status-publish","format-standard","has-post-thumbnail","","category-cinta-de-noticias","category-arabe-internacional-politica","category-noticias-arabe-internacional-politica","category-noticias-politicas","tag-cancilleria-rusa-de-mistura-evaluo-altamente-el-encuentro-consultivo-de-moscu-entre-la-delegacion-gubernamental-siria-y-la-oposicion"],"_links":{"self":[{"href":"https:\/\/archive.sana.sy\/es\/index.php?rest_route=\/wp\/v2\/posts\/17585"}],"collection":[{"href":"https:\/\/archive.sana.sy\/es\/index.php?rest_route=\/wp\/v2\/posts"}],"about":[{"href":"https:\/\/archive.sana.sy\/es\/index.php?rest_route=\/wp\/v2\/types\/post"}],"author":[{"embeddable":true,"href":"https:\/\/archive.sana.sy\/es\/index.php?rest_route=\/wp\/v2\/users\/24"}],"replies":[{"embeddable":true,"href":"https:\/\/archive.sana.sy\/es\/index.php?rest_route=%2Fwp%2Fv2%2Fcomments&post=17585"}],"version-history":[{"count":0,"href":"https:\/\/archive.sana.sy\/es\/index.php?rest_route=\/wp\/v2\/posts\/17585\/revisions"}],"wp:featuredmedia":[{"embeddable":true,"href":"https:\/\/archive.sana.sy\/es\/index.php?rest_route=\/wp\/v2\/media\/5812"}],"wp:attachment":[{"href":"https:\/\/archive.sana.sy\/es\/index.php?rest_route=%2Fwp%2Fv2%2Fmedia&parent=17585"}],"wp:term":[{"taxonomy":"category","embeddable":true,"href":"https:\/\/archive.sana.sy\/es\/index.php?rest_route=%2Fwp%2Fv2%2Fcategories&post=17585"},{"taxonomy":"post_tag","embeddable":true,"href":"https:\/\/archive.sana.sy\/es\/index.php?rest_route=%2Fwp%2Fv2%2Ftags&post=17585"}],"curies":[{"name":"wp","href":"https:\/\/api.w.org\/{rel}","templated":true}]}}