{"id":175881,"date":"2021-04-12T06:33:07","date_gmt":"2021-04-12T03:33:07","guid":{"rendered":"http:\/\/107.6.182.27\/es\/?p=175881"},"modified":"2023-01-10T14:29:28","modified_gmt":"2023-01-10T12:29:28","slug":"cifras-de-casos-confirmados-de-covid-19-en-siria-11-de-marzo-de-2021","status":"publish","type":"post","link":"https:\/\/archive.sana.sy\/es\/?p=175881","title":{"rendered":"Cifras de casos confirmados de Covid-19 en Siria (11 de marzo de 2021)"},"content":{"rendered":"<p style=\"text-align: justify;\"><span style=\"color: #800000;\"><strong>Damasco, SANA<\/strong><\/span><\/p>\n<p style=\"text-align: justify;\">Se confirmaron en las \u00faltimas 24 horas, 108 nuevos casos de Covid-19 para un acumulado nacional de 20.226.<\/p>\n<p style=\"text-align: justify;\">Seg\u00fan una nota difundida por la oficina de prensa del Ministerio de Salud, la mayor\u00eda de nuevos casos fueron confirmados en Ciudad de Latakia (28), Deraa (18), Hama (13) y Tartous (12).<\/p>\n<p style=\"text-align: justify;\">La nota indic\u00f3 que 117 enfermos se recuperaron del virus para un total de 14.012, mientras hubo 10 decesos lo que asciende a 1378 el n\u00famero de muertos por esta enfermedad.<\/p>\n<p style=\"text-align: justify;\"><span style=\"color: #0000ff;\"><strong>fm<\/strong><\/span><\/p>\n","protected":false},"excerpt":{"rendered":"<p>Damasco, SANA Se confirmaron en las \u00faltimas 24 horas, 108 nuevos casos de Covid-19 para un acumulado nacional de 20.226. Seg\u00fan una nota difundida por la oficina de prensa del Ministerio de Salud, la mayor\u00eda de nuevos casos fueron confirmados en Ciudad de Latakia (28), Deraa (18), Hama (13) y Tartous (12). La nota indic\u00f3 &hellip;<\/p>\n","protected":false},"author":34,"featured_media":175882,"comment_status":"closed","ping_status":"closed","sticky":false,"template":"","format":"standard","meta":{"footnotes":""},"categories":[447,477,597,476,457,7541],"tags":[],"class_list":["post-175881","post","type-post","status-publish","format-standard","has-post-thumbnail","","category-local-politica","category-noticias-edulcorantes","category-cinta-de-noticias","category-locales","category-noticias-arabe-internacional-politica","category-ultimas-noticias"],"_links":{"self":[{"href":"https:\/\/archive.sana.sy\/es\/index.php?rest_route=\/wp\/v2\/posts\/175881"}],"collection":[{"href":"https:\/\/archive.sana.sy\/es\/index.php?rest_route=\/wp\/v2\/posts"}],"about":[{"href":"https:\/\/archive.sana.sy\/es\/index.php?rest_route=\/wp\/v2\/types\/post"}],"author":[{"embeddable":true,"href":"https:\/\/archive.sana.sy\/es\/index.php?rest_route=\/wp\/v2\/users\/34"}],"replies":[{"embeddable":true,"href":"https:\/\/archive.sana.sy\/es\/index.php?rest_route=%2Fwp%2Fv2%2Fcomments&post=175881"}],"version-history":[{"count":0,"href":"https:\/\/archive.sana.sy\/es\/index.php?rest_route=\/wp\/v2\/posts\/175881\/revisions"}],"wp:featuredmedia":[{"embeddable":true,"href":"https:\/\/archive.sana.sy\/es\/index.php?rest_route=\/wp\/v2\/media\/175882"}],"wp:attachment":[{"href":"https:\/\/archive.sana.sy\/es\/index.php?rest_route=%2Fwp%2Fv2%2Fmedia&parent=175881"}],"wp:term":[{"taxonomy":"category","embeddable":true,"href":"https:\/\/archive.sana.sy\/es\/index.php?rest_route=%2Fwp%2Fv2%2Fcategories&post=175881"},{"taxonomy":"post_tag","embeddable":true,"href":"https:\/\/archive.sana.sy\/es\/index.php?rest_route=%2Fwp%2Fv2%2Ftags&post=175881"}],"curies":[{"name":"wp","href":"https:\/\/api.w.org\/{rel}","templated":true}]}}