{"id":175893,"date":"2021-04-12T06:00:05","date_gmt":"2021-04-12T03:00:05","guid":{"rendered":"http:\/\/107.6.182.27\/es\/?p=175893"},"modified":"2023-01-12T14:41:36","modified_gmt":"2023-01-12T12:41:36","slug":"fuerzas-de-ocupacion-israelies-arrestan-10-palestinos-en-belen","status":"publish","type":"post","link":"https:\/\/archive.sana.sy\/es\/?p=175893","title":{"rendered":"Fuerzas de ocupaci\u00f3n israel\u00edes arrestan 10 palestinos en Bel\u00e9n"},"content":{"rendered":"<p style=\"text-align: justify;\"><strong><span style=\"color: #800000;\">Jerusal\u00e9n ocupada, SANA<\/span><\/strong><\/p>\n<p style=\"text-align: justify;\">Las fuerzas sionistas arrestaron a 10 palestinos durante una redada en la ciudad de Bel\u00e9n en Cisjordania.<\/p>\n<p style=\"text-align: justify;\">Seg\u00fan difundieron medios palestinos, la acci\u00f3n israel\u00ed se llev\u00f3 a cabo en la localidad de Tuqu, en el este de Bel\u00e9n.<\/p>\n<p style=\"text-align: justify;\">En la v\u00edspera, los militares israel\u00edes arrestaron a 12 palestinos durante redadas en distintos lugares en Cisjordania.<\/p>\n<p style=\"text-align: justify;\"><span style=\"color: #0000ff;\"><strong>ws\/fm<\/strong><\/span><\/p>\n","protected":false},"excerpt":{"rendered":"<p>Jerusal\u00e9n ocupada, SANA Las fuerzas sionistas arrestaron a 10 palestinos durante una redada en la ciudad de Bel\u00e9n en Cisjordania. Seg\u00fan difundieron medios palestinos, la acci\u00f3n israel\u00ed se llev\u00f3 a cabo en la localidad de Tuqu, en el este de Bel\u00e9n. En la v\u00edspera, los militares israel\u00edes arrestaron a 12 palestinos durante redadas en distintos &hellip;<\/p>\n","protected":false},"author":35,"featured_media":175894,"comment_status":"closed","ping_status":"closed","sticky":false,"template":"","format":"standard","meta":{"footnotes":""},"categories":[597,456,7541],"tags":[],"class_list":["post-175893","post","type-post","status-publish","format-standard","has-post-thumbnail","","category-cinta-de-noticias","category-arabe-internacional-politica","category-ultimas-noticias"],"_links":{"self":[{"href":"https:\/\/archive.sana.sy\/es\/index.php?rest_route=\/wp\/v2\/posts\/175893"}],"collection":[{"href":"https:\/\/archive.sana.sy\/es\/index.php?rest_route=\/wp\/v2\/posts"}],"about":[{"href":"https:\/\/archive.sana.sy\/es\/index.php?rest_route=\/wp\/v2\/types\/post"}],"author":[{"embeddable":true,"href":"https:\/\/archive.sana.sy\/es\/index.php?rest_route=\/wp\/v2\/users\/35"}],"replies":[{"embeddable":true,"href":"https:\/\/archive.sana.sy\/es\/index.php?rest_route=%2Fwp%2Fv2%2Fcomments&post=175893"}],"version-history":[{"count":0,"href":"https:\/\/archive.sana.sy\/es\/index.php?rest_route=\/wp\/v2\/posts\/175893\/revisions"}],"wp:featuredmedia":[{"embeddable":true,"href":"https:\/\/archive.sana.sy\/es\/index.php?rest_route=\/wp\/v2\/media\/175894"}],"wp:attachment":[{"href":"https:\/\/archive.sana.sy\/es\/index.php?rest_route=%2Fwp%2Fv2%2Fmedia&parent=175893"}],"wp:term":[{"taxonomy":"category","embeddable":true,"href":"https:\/\/archive.sana.sy\/es\/index.php?rest_route=%2Fwp%2Fv2%2Fcategories&post=175893"},{"taxonomy":"post_tag","embeddable":true,"href":"https:\/\/archive.sana.sy\/es\/index.php?rest_route=%2Fwp%2Fv2%2Ftags&post=175893"}],"curies":[{"name":"wp","href":"https:\/\/api.w.org\/{rel}","templated":true}]}}