{"id":175915,"date":"2021-04-12T17:35:34","date_gmt":"2021-04-12T14:35:34","guid":{"rendered":"http:\/\/107.6.182.27\/es\/?p=175915"},"modified":"2021-04-12T17:35:34","modified_gmt":"2021-04-12T14:35:34","slug":"movimiento-amal-condena-ataques-israelies-contra-siria","status":"publish","type":"post","link":"https:\/\/archive.sana.sy\/es\/?p=175915","title":{"rendered":"Movimiento Amal condena ataques israel\u00edes contra Siria"},"content":{"rendered":"<p><span style=\"color: #800000;\">Beirut, SANA<\/span><\/p>\n<p style=\"text-align: justify;\">El Movimiento liban\u00e9s \u201cAmal\u201d conden\u00f3 este lunes las agresiones israel\u00edes contra Siria y la continua violaci\u00f3n del espacio a\u00e9reo liban\u00e9s por parte de este enemigo.<\/p>\n<p style=\"text-align: justify;\">\u201cEl enemigo israel\u00ed explota la complicidad internacional y regional para cometer sus ataques contra Siria y El L\u00edbano&#8221;, anunci\u00f3 el Bur\u00f3 Pol\u00edtico de \u201cAmal\u201d en un comunicado.<\/p>\n<p style=\"text-align: justify;\">Asimismo, el Movimiento destac\u00f3 la importancia de proteger los derechos del L\u00edbano, incluida la preservaci\u00f3n de sus aguas territoriales.<\/p>\n<p><span style=\"color: #0000ff;\">rr\/fm<\/span><\/p>\n","protected":false},"excerpt":{"rendered":"<p>Beirut, SANA El Movimiento liban\u00e9s \u201cAmal\u201d conden\u00f3 este lunes las agresiones israel\u00edes contra Siria y la continua violaci\u00f3n del espacio a\u00e9reo liban\u00e9s por parte de este enemigo. \u201cEl enemigo israel\u00ed explota la complicidad internacional y regional para cometer sus ataques contra Siria y El L\u00edbano&#8221;, anunci\u00f3 el Bur\u00f3 Pol\u00edtico de \u201cAmal\u201d en un comunicado. Asimismo, &hellip;<\/p>\n","protected":false},"author":31,"featured_media":175916,"comment_status":"closed","ping_status":"closed","sticky":false,"template":"","format":"standard","meta":{"footnotes":""},"categories":[597,467],"tags":[],"class_list":["post-175915","post","type-post","status-publish","format-standard","has-post-thumbnail","","category-cinta-de-noticias","category-siria-y-el-mundo"],"_links":{"self":[{"href":"https:\/\/archive.sana.sy\/es\/index.php?rest_route=\/wp\/v2\/posts\/175915"}],"collection":[{"href":"https:\/\/archive.sana.sy\/es\/index.php?rest_route=\/wp\/v2\/posts"}],"about":[{"href":"https:\/\/archive.sana.sy\/es\/index.php?rest_route=\/wp\/v2\/types\/post"}],"author":[{"embeddable":true,"href":"https:\/\/archive.sana.sy\/es\/index.php?rest_route=\/wp\/v2\/users\/31"}],"replies":[{"embeddable":true,"href":"https:\/\/archive.sana.sy\/es\/index.php?rest_route=%2Fwp%2Fv2%2Fcomments&post=175915"}],"version-history":[{"count":0,"href":"https:\/\/archive.sana.sy\/es\/index.php?rest_route=\/wp\/v2\/posts\/175915\/revisions"}],"wp:featuredmedia":[{"embeddable":true,"href":"https:\/\/archive.sana.sy\/es\/index.php?rest_route=\/wp\/v2\/media\/175916"}],"wp:attachment":[{"href":"https:\/\/archive.sana.sy\/es\/index.php?rest_route=%2Fwp%2Fv2%2Fmedia&parent=175915"}],"wp:term":[{"taxonomy":"category","embeddable":true,"href":"https:\/\/archive.sana.sy\/es\/index.php?rest_route=%2Fwp%2Fv2%2Fcategories&post=175915"},{"taxonomy":"post_tag","embeddable":true,"href":"https:\/\/archive.sana.sy\/es\/index.php?rest_route=%2Fwp%2Fv2%2Ftags&post=175915"}],"curies":[{"name":"wp","href":"https:\/\/api.w.org\/{rel}","templated":true}]}}