{"id":17599,"date":"2015-02-07T21:11:46","date_gmt":"2015-02-07T19:11:46","guid":{"rendered":"http:\/\/www.sana.sy\/es\/?p=17599"},"modified":"2015-02-07T21:11:46","modified_gmt":"2015-02-07T19:11:46","slug":"lavrov-y-salam-confirman-su-apoyo-a-la-solucion-politica-en-siria","status":"publish","type":"post","link":"https:\/\/archive.sana.sy\/es\/?p=17599","title":{"rendered":"Lavrov y Salam confirman su apoyo a la soluci\u00f3n pol\u00edtica en Siria"},"content":{"rendered":"<p style=\"text-align: justify\"><span style=\"color: #800000\">Mosc\u00fa, SANA<\/span><\/p>\n<p style=\"text-align: justify\">El ministro de Asuntos Exteriores de Rusia, Sergui Lavrov y El Primer ministro liban\u00e9s, Tammam Salam, confirmaron su apoyo a las soluci\u00f3n pol\u00edtica y diplom\u00e1tica en siria, sin condiciones previas o injerencia extranjera.<\/p>\n<p style=\"text-align: justify\">Tras el encuentro entre los dos funcionarios, ruso y liban\u00e9s, al margen de la Conferencia de Seguridad de M\u00fanich, la Canciller\u00eda rusa dijo la parte libanea elogi\u00f3 los esfuerzos de Rusia para encontrar una soluci\u00f3n pac\u00edfica a la crisis siria, sobre todo a trav\u00e9s de Mosc\u00fa con el fin de llevar a cabo los contactos consultivos inter-sirio.<\/p>\n<p style=\"text-align: justify\"><span style=\"color: #0000ff\">Ghifar Al Ali<\/span><\/p>\n","protected":false},"excerpt":{"rendered":"<p>Mosc\u00fa, SANA El ministro de Asuntos Exteriores de Rusia, Sergui Lavrov y El Primer ministro liban\u00e9s, Tammam Salam, confirmaron su apoyo a las soluci\u00f3n pol\u00edtica y diplom\u00e1tica en siria, sin condiciones previas o injerencia extranjera. Tras el encuentro entre los dos funcionarios, ruso y liban\u00e9s, al margen de la Conferencia de Seguridad de M\u00fanich, la &hellip;<\/p>\n","protected":false},"author":1,"featured_media":17548,"comment_status":"closed","ping_status":"closed","sticky":false,"template":"","format":"standard","meta":{"footnotes":""},"categories":[597,456,457,576],"tags":[3978],"class_list":["post-17599","post","type-post","status-publish","format-standard","has-post-thumbnail","","category-cinta-de-noticias","category-arabe-internacional-politica","category-noticias-arabe-internacional-politica","category-noticias-politicas","tag-lavrov-y-salam-confirman-su-apoyo-a-la-solucion-politica-en-siria"],"_links":{"self":[{"href":"https:\/\/archive.sana.sy\/es\/index.php?rest_route=\/wp\/v2\/posts\/17599"}],"collection":[{"href":"https:\/\/archive.sana.sy\/es\/index.php?rest_route=\/wp\/v2\/posts"}],"about":[{"href":"https:\/\/archive.sana.sy\/es\/index.php?rest_route=\/wp\/v2\/types\/post"}],"author":[{"embeddable":true,"href":"https:\/\/archive.sana.sy\/es\/index.php?rest_route=\/wp\/v2\/users\/1"}],"replies":[{"embeddable":true,"href":"https:\/\/archive.sana.sy\/es\/index.php?rest_route=%2Fwp%2Fv2%2Fcomments&post=17599"}],"version-history":[{"count":0,"href":"https:\/\/archive.sana.sy\/es\/index.php?rest_route=\/wp\/v2\/posts\/17599\/revisions"}],"wp:featuredmedia":[{"embeddable":true,"href":"https:\/\/archive.sana.sy\/es\/index.php?rest_route=\/wp\/v2\/media\/17548"}],"wp:attachment":[{"href":"https:\/\/archive.sana.sy\/es\/index.php?rest_route=%2Fwp%2Fv2%2Fmedia&parent=17599"}],"wp:term":[{"taxonomy":"category","embeddable":true,"href":"https:\/\/archive.sana.sy\/es\/index.php?rest_route=%2Fwp%2Fv2%2Fcategories&post=17599"},{"taxonomy":"post_tag","embeddable":true,"href":"https:\/\/archive.sana.sy\/es\/index.php?rest_route=%2Fwp%2Fv2%2Ftags&post=17599"}],"curies":[{"name":"wp","href":"https:\/\/api.w.org\/{rel}","templated":true}]}}