{"id":175995,"date":"2021-04-13T09:16:52","date_gmt":"2021-04-13T06:16:52","guid":{"rendered":"http:\/\/107.6.182.27\/es\/?p=175995"},"modified":"2021-04-13T09:16:52","modified_gmt":"2021-04-13T06:16:52","slug":"victoria-de-siria-sobre-el-terrorismo-es-necesaria-para-todo-el-mundo","status":"publish","type":"post","link":"https:\/\/archive.sana.sy\/es\/?p=175995","title":{"rendered":"Victoria de Siria sobre el terrorismo es necesaria para todo el mundo"},"content":{"rendered":"<p style=\"text-align: justify;\"><strong><span style=\"color: #800000;\">Beirut, SANA<\/span><\/strong><\/p>\n<p style=\"text-align: justify;\">El jefe del Partido Nacionalista y Social Sirio en El L\u00edbano, Wael Hasania, subray\u00f3 que la victoria de Siria y su pueblo contra el terrorismo lo es tambi\u00e9n para toda la naci\u00f3n.<\/p>\n<p style=\"text-align: justify;\">En un comunicado, Hasania declar\u00f3 que continuar\u00e1 el enfrentamiento a todos los planes sionistas y conspiraciones occidentales, especialmente la ocupaci\u00f3n estadounidense y turca y sus mercenarios.<\/p>\n<p style=\"text-align: justify;\">&#8220;Los sacrificios hechos por Siria y su pueblo son innumerables para enfrentar el terrorismo en nombre de todo mundo&#8221;, asever\u00f3.<\/p>\n<p style=\"text-align: justify;\"><span style=\"color: #0000ff;\"><strong>ws\/fm<\/strong><\/span><\/p>\n","protected":false},"excerpt":{"rendered":"<p>Beirut, SANA El jefe del Partido Nacionalista y Social Sirio en El L\u00edbano, Wael Hasania, subray\u00f3 que la victoria de Siria y su pueblo contra el terrorismo lo es tambi\u00e9n para toda la naci\u00f3n. En un comunicado, Hasania declar\u00f3 que continuar\u00e1 el enfrentamiento a todos los planes sionistas y conspiraciones occidentales, especialmente la ocupaci\u00f3n estadounidense &hellip;<\/p>\n","protected":false},"author":35,"featured_media":175996,"comment_status":"closed","ping_status":"closed","sticky":false,"template":"","format":"standard","meta":{"footnotes":""},"categories":[597,467,7541],"tags":[],"class_list":["post-175995","post","type-post","status-publish","format-standard","has-post-thumbnail","","category-cinta-de-noticias","category-siria-y-el-mundo","category-ultimas-noticias"],"_links":{"self":[{"href":"https:\/\/archive.sana.sy\/es\/index.php?rest_route=\/wp\/v2\/posts\/175995"}],"collection":[{"href":"https:\/\/archive.sana.sy\/es\/index.php?rest_route=\/wp\/v2\/posts"}],"about":[{"href":"https:\/\/archive.sana.sy\/es\/index.php?rest_route=\/wp\/v2\/types\/post"}],"author":[{"embeddable":true,"href":"https:\/\/archive.sana.sy\/es\/index.php?rest_route=\/wp\/v2\/users\/35"}],"replies":[{"embeddable":true,"href":"https:\/\/archive.sana.sy\/es\/index.php?rest_route=%2Fwp%2Fv2%2Fcomments&post=175995"}],"version-history":[{"count":0,"href":"https:\/\/archive.sana.sy\/es\/index.php?rest_route=\/wp\/v2\/posts\/175995\/revisions"}],"wp:featuredmedia":[{"embeddable":true,"href":"https:\/\/archive.sana.sy\/es\/index.php?rest_route=\/wp\/v2\/media\/175996"}],"wp:attachment":[{"href":"https:\/\/archive.sana.sy\/es\/index.php?rest_route=%2Fwp%2Fv2%2Fmedia&parent=175995"}],"wp:term":[{"taxonomy":"category","embeddable":true,"href":"https:\/\/archive.sana.sy\/es\/index.php?rest_route=%2Fwp%2Fv2%2Fcategories&post=175995"},{"taxonomy":"post_tag","embeddable":true,"href":"https:\/\/archive.sana.sy\/es\/index.php?rest_route=%2Fwp%2Fv2%2Ftags&post=175995"}],"curies":[{"name":"wp","href":"https:\/\/api.w.org\/{rel}","templated":true}]}}