{"id":175998,"date":"2021-04-13T10:24:44","date_gmt":"2021-04-13T07:24:44","guid":{"rendered":"http:\/\/107.6.182.27\/es\/?p=175998"},"modified":"2021-04-13T12:59:31","modified_gmt":"2021-04-13T09:59:31","slug":"washington-traslado-en-helicopteros-a-50-terroristas-del-daesh-al-desierto-de-deir-ezzor-siria","status":"publish","type":"post","link":"https:\/\/archive.sana.sy\/es\/?p=175998","title":{"rendered":"Washington traslad\u00f3 en helic\u00f3pteros a 60 terroristas del Daesh al desierto de Deir Ezzor, Siria"},"content":{"rendered":"<p style=\"text-align: justify;\"><strong><span style=\"color: #800000;\">Hasakeh, SANA<\/span><\/strong><\/p>\n<p style=\"text-align: justify;\">Las fuerzas de ocupaci\u00f3n estadounidenses trasladaron en helic\u00f3pteros a 60 terroristas del Daesh de su base ilegal en Shaddadi en el sur de Hasakeh a la provincia de Deir Ezzor.<\/p>\n<p style=\"text-align: justify;\">La medida demuestra una vez m\u00e1s que Washington utiliza esa organizaci\u00f3n terrorista para implementar sus agendas y proyectos agresivos contra Siria y la regi\u00f3n.<\/p>\n<p style=\"text-align: justify;\">Seg\u00fan afirmaron activistas locales al corresponsal de SANA, helic\u00f3pteros estadounidenses trasladaron a los terroristas al campo petrolero Al-Omar en el nordeste de Deir Ezzor, en preparaci\u00f3n para su reutilizaci\u00f3n en operaciones terroristas dentro de los territorios sirios.<\/p>\n<p style=\"text-align: justify;\">Aseguraron que esos extremistas estaban en prisiones de la mercenaria milicia Fuerzas Democr\u00e1ticas de Siria (FDS) en provincia de Hasakeh.<\/p>\n<p style=\"text-align: justify;\">Indicaron que el traslado de esos terroristas se produjo luego de someterlos a cursos de entrenamiento por parte de las fuerzas de ocupaci\u00f3n estadounidenses en la base de Al-Shaddadi para integrarlos al llamado \u201cEj\u00e9rcito Tribal\u201d comandado por el terrorista \u201cAhmed Al- Khebeel \u201d, apodado\u201c Abu Khawla \u201d.<\/p>\n<p style=\"text-align: justify;\">El jueves pasado, las fuerzas de ocupaci\u00f3n estadounidenses trasladaron tambi\u00e9n a un grupo de 50 terroristas del Daesh desde su base en la ciudad de Shaddadi al sur de la provincia de Hasakeh a las zonas rurales en el este de Deir Ezzor.<\/p>\n<p style=\"text-align: justify;\"><span style=\"color: #0000ff;\"><strong>fm\/ws<\/strong><\/span><\/p>\n","protected":false},"excerpt":{"rendered":"<p>Hasakeh, SANA Las fuerzas de ocupaci\u00f3n estadounidenses trasladaron en helic\u00f3pteros a 60 terroristas del Daesh de su base ilegal en Shaddadi en el sur de Hasakeh a la provincia de Deir Ezzor. La medida demuestra una vez m\u00e1s que Washington utiliza esa organizaci\u00f3n terrorista para implementar sus agendas y proyectos agresivos contra Siria y la &hellip;<\/p>\n","protected":false},"author":35,"featured_media":175999,"comment_status":"closed","ping_status":"closed","sticky":false,"template":"","format":"standard","meta":{"footnotes":""},"categories":[477,447,597,573,476,7541],"tags":[],"class_list":["post-175998","post","type-post","status-publish","format-standard","has-post-thumbnail","","category-noticias-edulcorantes","category-local-politica","category-cinta-de-noticias","category-la-realidad-de-los-acontecimientos-en-siria","category-locales","category-ultimas-noticias"],"_links":{"self":[{"href":"https:\/\/archive.sana.sy\/es\/index.php?rest_route=\/wp\/v2\/posts\/175998"}],"collection":[{"href":"https:\/\/archive.sana.sy\/es\/index.php?rest_route=\/wp\/v2\/posts"}],"about":[{"href":"https:\/\/archive.sana.sy\/es\/index.php?rest_route=\/wp\/v2\/types\/post"}],"author":[{"embeddable":true,"href":"https:\/\/archive.sana.sy\/es\/index.php?rest_route=\/wp\/v2\/users\/35"}],"replies":[{"embeddable":true,"href":"https:\/\/archive.sana.sy\/es\/index.php?rest_route=%2Fwp%2Fv2%2Fcomments&post=175998"}],"version-history":[{"count":0,"href":"https:\/\/archive.sana.sy\/es\/index.php?rest_route=\/wp\/v2\/posts\/175998\/revisions"}],"wp:featuredmedia":[{"embeddable":true,"href":"https:\/\/archive.sana.sy\/es\/index.php?rest_route=\/wp\/v2\/media\/175999"}],"wp:attachment":[{"href":"https:\/\/archive.sana.sy\/es\/index.php?rest_route=%2Fwp%2Fv2%2Fmedia&parent=175998"}],"wp:term":[{"taxonomy":"category","embeddable":true,"href":"https:\/\/archive.sana.sy\/es\/index.php?rest_route=%2Fwp%2Fv2%2Fcategories&post=175998"},{"taxonomy":"post_tag","embeddable":true,"href":"https:\/\/archive.sana.sy\/es\/index.php?rest_route=%2Fwp%2Fv2%2Ftags&post=175998"}],"curies":[{"name":"wp","href":"https:\/\/api.w.org\/{rel}","templated":true}]}}