{"id":176005,"date":"2021-04-13T12:32:08","date_gmt":"2021-04-13T09:32:08","guid":{"rendered":"http:\/\/107.6.182.27\/es\/?p=176005"},"modified":"2021-04-13T15:54:12","modified_gmt":"2021-04-13T12:54:12","slug":"mercenarios-proturcos-heridos-por-explosion-de-artefacto-en-ras-al-ain-hasakeh","status":"publish","type":"post","link":"https:\/\/archive.sana.sy\/es\/?p=176005","title":{"rendered":"Mercenarios proturcos heridos por explosi\u00f3n de artefacto en Ras Al-Ain, Hasakeh"},"content":{"rendered":"<p style=\"text-align: justify;\"><span style=\"color: #800000;\"><strong>Hasakeh, SANA<\/strong><\/span><\/p>\n<p style=\"text-align: justify;\">Varios mercenarios de la ocupaci\u00f3n turca resultaron heridos por la explosi\u00f3n de una bomba en la localidad de Nasiriyah, cerca de la ciudad ocupada de Ras Al-Ain, en el noroeste de la provincia de Hasakeh.<\/p>\n<p style=\"text-align: justify;\">Activistas civiles informaron al corresponsal de SANA, que la carga estall\u00f3 en un autom\u00f3vil poco antes de su llegada a una de las concentraciones de los mercenarios proturcos en la referente \u00e1rea, lo cual provoc\u00f3 lesiones a varios mercenarios y da\u00f1os materiales en el lugar.<\/p>\n<p style=\"text-align: justify;\">Las zonas controladas por la ocupaci\u00f3n turca y sus mercenarios atestiguan continuos combates entre los terroristas para repartir bienes robados y saqueados de los civiles.<\/p>\n<p style=\"text-align: justify;\"><span style=\"color: #0000ff;\"><strong>sm\/fm<\/strong><\/span><\/p>\n","protected":false},"excerpt":{"rendered":"<p>Hasakeh, SANA Varios mercenarios de la ocupaci\u00f3n turca resultaron heridos por la explosi\u00f3n de una bomba en la localidad de Nasiriyah, cerca de la ciudad ocupada de Ras Al-Ain, en el noroeste de la provincia de Hasakeh. Activistas civiles informaron al corresponsal de SANA, que la carga estall\u00f3 en un autom\u00f3vil poco antes de su &hellip;<\/p>\n","protected":false},"author":39,"featured_media":176006,"comment_status":"closed","ping_status":"closed","sticky":false,"template":"","format":"standard","meta":{"footnotes":""},"categories":[477,447,597,573,7541],"tags":[],"class_list":["post-176005","post","type-post","status-publish","format-standard","has-post-thumbnail","","category-noticias-edulcorantes","category-local-politica","category-cinta-de-noticias","category-la-realidad-de-los-acontecimientos-en-siria","category-ultimas-noticias"],"_links":{"self":[{"href":"https:\/\/archive.sana.sy\/es\/index.php?rest_route=\/wp\/v2\/posts\/176005"}],"collection":[{"href":"https:\/\/archive.sana.sy\/es\/index.php?rest_route=\/wp\/v2\/posts"}],"about":[{"href":"https:\/\/archive.sana.sy\/es\/index.php?rest_route=\/wp\/v2\/types\/post"}],"author":[{"embeddable":true,"href":"https:\/\/archive.sana.sy\/es\/index.php?rest_route=\/wp\/v2\/users\/39"}],"replies":[{"embeddable":true,"href":"https:\/\/archive.sana.sy\/es\/index.php?rest_route=%2Fwp%2Fv2%2Fcomments&post=176005"}],"version-history":[{"count":0,"href":"https:\/\/archive.sana.sy\/es\/index.php?rest_route=\/wp\/v2\/posts\/176005\/revisions"}],"wp:featuredmedia":[{"embeddable":true,"href":"https:\/\/archive.sana.sy\/es\/index.php?rest_route=\/wp\/v2\/media\/176006"}],"wp:attachment":[{"href":"https:\/\/archive.sana.sy\/es\/index.php?rest_route=%2Fwp%2Fv2%2Fmedia&parent=176005"}],"wp:term":[{"taxonomy":"category","embeddable":true,"href":"https:\/\/archive.sana.sy\/es\/index.php?rest_route=%2Fwp%2Fv2%2Fcategories&post=176005"},{"taxonomy":"post_tag","embeddable":true,"href":"https:\/\/archive.sana.sy\/es\/index.php?rest_route=%2Fwp%2Fv2%2Ftags&post=176005"}],"curies":[{"name":"wp","href":"https:\/\/api.w.org\/{rel}","templated":true}]}}