{"id":176011,"date":"2021-04-13T13:41:51","date_gmt":"2021-04-13T10:41:51","guid":{"rendered":"http:\/\/107.6.182.27\/es\/?p=176011"},"modified":"2021-04-13T13:41:51","modified_gmt":"2021-04-13T10:41:51","slug":"mercenarios-proturcos-secuestran-dos-mujeres-en-el-norte-alepo","status":"publish","type":"post","link":"https:\/\/archive.sana.sy\/es\/?p=176011","title":{"rendered":"Mercenarios proturcos secuestran dos mujeres en el norte Alepo"},"content":{"rendered":"<p style=\"text-align: justify;\"><strong><span style=\"color: #800000;\">Alepo, SANA<\/span><\/strong><\/p>\n<p style=\"text-align: justify;\">Varios terroristas apoyadas por la ocupaci\u00f3n turca llevaron por la fuerza a un lugar desconocido a dos mujeres de la ciudad de Efr\u00edn, ocupada por Turqu\u00eda, en el norte de la provincia de Alepo.<\/p>\n<p style=\"text-align: justify;\">Activistas civiles informaron a SANA que el llamado &#8220;Ej\u00e9rcito Nacional&#8221; bajo el mando del r\u00e9gimen turco entraron en la ciudad referida donde secuestraron a dos mujeres, una de ellas una anciana, y las llevaron a un destino desconocido.<\/p>\n<p style=\"text-align: justify;\">Anteriormente, los grupos terroristas pro-turcos de las llamadas agrupaciones de \u201cFailaq Al-Shaam\u201d y \u201cAlshurta Askaria\u201d secuestraron a siete civiles en la misma ciudad.<\/p>\n<p style=\"text-align: justify;\"><span style=\"color: #0000ff;\"><strong>ws\/fm<\/strong><\/span><\/p>\n","protected":false},"excerpt":{"rendered":"<p>Alepo, SANA Varios terroristas apoyadas por la ocupaci\u00f3n turca llevaron por la fuerza a un lugar desconocido a dos mujeres de la ciudad de Efr\u00edn, ocupada por Turqu\u00eda, en el norte de la provincia de Alepo. Activistas civiles informaron a SANA que el llamado &#8220;Ej\u00e9rcito Nacional&#8221; bajo el mando del r\u00e9gimen turco entraron en la &hellip;<\/p>\n","protected":false},"author":35,"featured_media":176012,"comment_status":"closed","ping_status":"closed","sticky":false,"template":"","format":"standard","meta":{"footnotes":""},"categories":[477,447,597,573,476,7541],"tags":[],"class_list":["post-176011","post","type-post","status-publish","format-standard","has-post-thumbnail","","category-noticias-edulcorantes","category-local-politica","category-cinta-de-noticias","category-la-realidad-de-los-acontecimientos-en-siria","category-locales","category-ultimas-noticias"],"_links":{"self":[{"href":"https:\/\/archive.sana.sy\/es\/index.php?rest_route=\/wp\/v2\/posts\/176011"}],"collection":[{"href":"https:\/\/archive.sana.sy\/es\/index.php?rest_route=\/wp\/v2\/posts"}],"about":[{"href":"https:\/\/archive.sana.sy\/es\/index.php?rest_route=\/wp\/v2\/types\/post"}],"author":[{"embeddable":true,"href":"https:\/\/archive.sana.sy\/es\/index.php?rest_route=\/wp\/v2\/users\/35"}],"replies":[{"embeddable":true,"href":"https:\/\/archive.sana.sy\/es\/index.php?rest_route=%2Fwp%2Fv2%2Fcomments&post=176011"}],"version-history":[{"count":0,"href":"https:\/\/archive.sana.sy\/es\/index.php?rest_route=\/wp\/v2\/posts\/176011\/revisions"}],"wp:featuredmedia":[{"embeddable":true,"href":"https:\/\/archive.sana.sy\/es\/index.php?rest_route=\/wp\/v2\/media\/176012"}],"wp:attachment":[{"href":"https:\/\/archive.sana.sy\/es\/index.php?rest_route=%2Fwp%2Fv2%2Fmedia&parent=176011"}],"wp:term":[{"taxonomy":"category","embeddable":true,"href":"https:\/\/archive.sana.sy\/es\/index.php?rest_route=%2Fwp%2Fv2%2Fcategories&post=176011"},{"taxonomy":"post_tag","embeddable":true,"href":"https:\/\/archive.sana.sy\/es\/index.php?rest_route=%2Fwp%2Fv2%2Ftags&post=176011"}],"curies":[{"name":"wp","href":"https:\/\/api.w.org\/{rel}","templated":true}]}}