{"id":176014,"date":"2021-04-13T13:53:20","date_gmt":"2021-04-13T10:53:20","guid":{"rendered":"http:\/\/107.6.182.27\/es\/?p=176014"},"modified":"2023-01-12T14:41:35","modified_gmt":"2023-01-12T12:41:35","slug":"mas-de-200-colonos-sionistas-irrumpen-en-la-mezquita-al-aqsa","status":"publish","type":"post","link":"https:\/\/archive.sana.sy\/es\/?p=176014","title":{"rendered":"M\u00e1s de 200 colonos sionistas irrumpen en la mezquita Al-Aqsa"},"content":{"rendered":"<p style=\"text-align: justify;\"><span style=\"color: #800000;\"><strong>Jerusal\u00e9n ocupada, SANA<\/strong><\/span><\/p>\n<p style=\"text-align: justify;\">Cientos de colonos israel\u00edes irrumpieron en la mezquita Al-Aqsa bajo protecci\u00f3n de las fuerzas de ocupaci\u00f3n israel\u00edes.<\/p>\n<p style=\"text-align: justify;\">La agencia palestina de noticias Wafa inform\u00f3 que 228 colonos irrumpieron en Al-Aqsa desde la Puerta Al-Magharebah y recorrieron de forma provocativa sus explanadas, bajo una protecci\u00f3n estricta de las fuerzas de ocupaci\u00f3n.<\/p>\n<p style=\"text-align: justify;\">Los colonos israel\u00edes irrumpen diariamente en la sagrada mezquita en medio de intentos del ocupante para judaizarla.<\/p>\n<p style=\"text-align: justify;\"><strong><span style=\"color: #0000ff;\">sm\/fm<\/span><\/strong><\/p>\n","protected":false},"excerpt":{"rendered":"<p>Jerusal\u00e9n ocupada, SANA Cientos de colonos israel\u00edes irrumpieron en la mezquita Al-Aqsa bajo protecci\u00f3n de las fuerzas de ocupaci\u00f3n israel\u00edes. La agencia palestina de noticias Wafa inform\u00f3 que 228 colonos irrumpieron en Al-Aqsa desde la Puerta Al-Magharebah y recorrieron de forma provocativa sus explanadas, bajo una protecci\u00f3n estricta de las fuerzas de ocupaci\u00f3n. Los colonos &hellip;<\/p>\n","protected":false},"author":39,"featured_media":176015,"comment_status":"closed","ping_status":"closed","sticky":false,"template":"","format":"standard","meta":{"footnotes":""},"categories":[597,456],"tags":[],"class_list":["post-176014","post","type-post","status-publish","format-standard","has-post-thumbnail","","category-cinta-de-noticias","category-arabe-internacional-politica"],"_links":{"self":[{"href":"https:\/\/archive.sana.sy\/es\/index.php?rest_route=\/wp\/v2\/posts\/176014"}],"collection":[{"href":"https:\/\/archive.sana.sy\/es\/index.php?rest_route=\/wp\/v2\/posts"}],"about":[{"href":"https:\/\/archive.sana.sy\/es\/index.php?rest_route=\/wp\/v2\/types\/post"}],"author":[{"embeddable":true,"href":"https:\/\/archive.sana.sy\/es\/index.php?rest_route=\/wp\/v2\/users\/39"}],"replies":[{"embeddable":true,"href":"https:\/\/archive.sana.sy\/es\/index.php?rest_route=%2Fwp%2Fv2%2Fcomments&post=176014"}],"version-history":[{"count":0,"href":"https:\/\/archive.sana.sy\/es\/index.php?rest_route=\/wp\/v2\/posts\/176014\/revisions"}],"wp:featuredmedia":[{"embeddable":true,"href":"https:\/\/archive.sana.sy\/es\/index.php?rest_route=\/wp\/v2\/media\/176015"}],"wp:attachment":[{"href":"https:\/\/archive.sana.sy\/es\/index.php?rest_route=%2Fwp%2Fv2%2Fmedia&parent=176014"}],"wp:term":[{"taxonomy":"category","embeddable":true,"href":"https:\/\/archive.sana.sy\/es\/index.php?rest_route=%2Fwp%2Fv2%2Fcategories&post=176014"},{"taxonomy":"post_tag","embeddable":true,"href":"https:\/\/archive.sana.sy\/es\/index.php?rest_route=%2Fwp%2Fv2%2Ftags&post=176014"}],"curies":[{"name":"wp","href":"https:\/\/api.w.org\/{rel}","templated":true}]}}