{"id":176050,"date":"2021-04-13T19:00:46","date_gmt":"2021-04-13T16:00:46","guid":{"rendered":"http:\/\/107.6.182.27\/es\/?p=176050"},"modified":"2023-01-12T14:41:35","modified_gmt":"2023-01-12T12:41:35","slug":"atacan-un-barco-israeli-cerca-de-la-costa-de-emiratos-arabes-unidos","status":"publish","type":"post","link":"https:\/\/archive.sana.sy\/es\/?p=176050","title":{"rendered":"Atacan un barco israel\u00ed cerca de la costa de Emiratos \u00c1rabes Unidos"},"content":{"rendered":"<p style=\"text-align: justify\"><span style=\"color: #800000\">Capitales, SANA<\/span><\/p>\n<p style=\"text-align: justify\">Diferentes medios de comunicaci\u00f3n informaron hoy que un barco mercante israel\u00ed fue atacado cerca de la costa de Emiratos \u00c1rabes Unidos.<\/p>\n<p style=\"text-align: justify\">Seg\u00fan los medios, el barco objetivo lleva el nombre y n\u00famero \u201cHyperion\/ 9690559\u201d, y el mismo pertenece a la compa\u00f1\u00eda israel\u00ed &#8220;BCC&#8221; y se dedica a transportar autom\u00f3viles.<\/p>\n<p style=\"text-align: justify\">Precisaron que el barco fue atacado cerca del puerto de Fujairah en los Emiratos \u00c1rabes Unidos.<\/p>\n<p style=\"text-align: justify\"><span style=\"color: #0000ff\"><em><strong>la<\/strong><\/em><\/span><\/p>\n","protected":false},"excerpt":{"rendered":"<p>Capitales, SANA Diferentes medios de comunicaci\u00f3n informaron hoy que un barco mercante israel\u00ed fue atacado cerca de la costa de Emiratos \u00c1rabes Unidos. Seg\u00fan los medios, el barco objetivo lleva el nombre y n\u00famero \u201cHyperion\/ 9690559\u201d, y el mismo pertenece a la compa\u00f1\u00eda israel\u00ed &#8220;BCC&#8221; y se dedica a transportar autom\u00f3viles. Precisaron que el barco &hellip;<\/p>\n","protected":false},"author":24,"featured_media":0,"comment_status":"closed","ping_status":"closed","sticky":false,"template":"","format":"standard","meta":{"footnotes":""},"categories":[597,456],"tags":[],"class_list":["post-176050","post","type-post","status-publish","format-standard","","category-cinta-de-noticias","category-arabe-internacional-politica"],"_links":{"self":[{"href":"https:\/\/archive.sana.sy\/es\/index.php?rest_route=\/wp\/v2\/posts\/176050"}],"collection":[{"href":"https:\/\/archive.sana.sy\/es\/index.php?rest_route=\/wp\/v2\/posts"}],"about":[{"href":"https:\/\/archive.sana.sy\/es\/index.php?rest_route=\/wp\/v2\/types\/post"}],"author":[{"embeddable":true,"href":"https:\/\/archive.sana.sy\/es\/index.php?rest_route=\/wp\/v2\/users\/24"}],"replies":[{"embeddable":true,"href":"https:\/\/archive.sana.sy\/es\/index.php?rest_route=%2Fwp%2Fv2%2Fcomments&post=176050"}],"version-history":[{"count":0,"href":"https:\/\/archive.sana.sy\/es\/index.php?rest_route=\/wp\/v2\/posts\/176050\/revisions"}],"wp:attachment":[{"href":"https:\/\/archive.sana.sy\/es\/index.php?rest_route=%2Fwp%2Fv2%2Fmedia&parent=176050"}],"wp:term":[{"taxonomy":"category","embeddable":true,"href":"https:\/\/archive.sana.sy\/es\/index.php?rest_route=%2Fwp%2Fv2%2Fcategories&post=176050"},{"taxonomy":"post_tag","embeddable":true,"href":"https:\/\/archive.sana.sy\/es\/index.php?rest_route=%2Fwp%2Fv2%2Ftags&post=176050"}],"curies":[{"name":"wp","href":"https:\/\/api.w.org\/{rel}","templated":true}]}}