{"id":176056,"date":"2021-04-13T19:41:14","date_gmt":"2021-04-13T16:41:14","guid":{"rendered":"http:\/\/107.6.182.27\/es\/?p=176056"},"modified":"2023-01-12T14:41:35","modified_gmt":"2023-01-12T12:41:35","slug":"policia-de-eeuu-intervino-con-gases-lacrimogenos-las-protestas-contra-la-muerte-de-daunte-wrigh","status":"publish","type":"post","link":"https:\/\/archive.sana.sy\/es\/?p=176056","title":{"rendered":"Polic\u00eda de EEUU intervino con gases lacrim\u00f3genos las protestas contra la muerte de Daunte Wrigh"},"content":{"rendered":"<p><span style=\"color: #800000;\">Washington, SANA<\/span><\/p>\n<p style=\"text-align: justify;\">La polic\u00eda estadounidense arrest\u00f3 este martes a decenas de personas y utiliz\u00f3 gases lacrim\u00f3genos para dispersar las protestas que estallaron para condenar la muerte del ciudadano afroamericano Daunte Wrigh.<\/p>\n<p style=\"text-align: justify;\">Wrigh perdi\u00f3 la vida el pasado domingo por disparos de un oficial de polic\u00eda en el estado de Minnesota.<\/p>\n<p style=\"text-align: justify;\">La cadena informativa Fox News inform\u00f3 que cientos de personas se reunieron frente al Departamento de Polic\u00eda de Brooklyn, rompiendo el toque de queda impuesto debido a la pandemia de Corona y exigiendo justicia para Wright, de 20 a\u00f1os.<\/p>\n<p style=\"text-align: justify;\">Las autoridades impusieron toques de queda en tres condados del estado luego del asesinato de Wright a manos de la polic\u00eda en el Brooklyn el domingo pasado.<\/p>\n<p style=\"text-align: justify;\">Wright, de 20 a\u00f1os de edad, fue abatido despu\u00e9s de haber sido interceptado por una infracci\u00f3n de tr\u00e1fico en la zona de Brooklyn Center, en el norte de la ciudad, la mayor del estado de Minnesota.<\/p>\n<p style=\"text-align: justify;\">Su fallecimiento desat\u00f3 una ola de protestas en Minneapolis, donde justamente ahora se realiza el juicio contra el exagente Derek Chauvin por la muerte de George Floyd el 25 de mayo del pasado a\u00f1o, un caso que desat\u00f3 una de las mayores olas de protestas raciales en la historia reciente de EE.UU.<\/p>\n<p><em>mm<\/em><\/p>\n","protected":false},"excerpt":{"rendered":"<p>Washington, SANA La polic\u00eda estadounidense arrest\u00f3 este martes a decenas de personas y utiliz\u00f3 gases lacrim\u00f3genos para dispersar las protestas que estallaron para condenar la muerte del ciudadano afroamericano Daunte Wrigh. Wrigh perdi\u00f3 la vida el pasado domingo por disparos de un oficial de polic\u00eda en el estado de Minnesota. La cadena informativa Fox News &hellip;<\/p>\n","protected":false},"author":36,"featured_media":176057,"comment_status":"closed","ping_status":"closed","sticky":false,"template":"","format":"standard","meta":{"footnotes":""},"categories":[597,456,457],"tags":[],"class_list":["post-176056","post","type-post","status-publish","format-standard","has-post-thumbnail","","category-cinta-de-noticias","category-arabe-internacional-politica","category-noticias-arabe-internacional-politica"],"_links":{"self":[{"href":"https:\/\/archive.sana.sy\/es\/index.php?rest_route=\/wp\/v2\/posts\/176056"}],"collection":[{"href":"https:\/\/archive.sana.sy\/es\/index.php?rest_route=\/wp\/v2\/posts"}],"about":[{"href":"https:\/\/archive.sana.sy\/es\/index.php?rest_route=\/wp\/v2\/types\/post"}],"author":[{"embeddable":true,"href":"https:\/\/archive.sana.sy\/es\/index.php?rest_route=\/wp\/v2\/users\/36"}],"replies":[{"embeddable":true,"href":"https:\/\/archive.sana.sy\/es\/index.php?rest_route=%2Fwp%2Fv2%2Fcomments&post=176056"}],"version-history":[{"count":0,"href":"https:\/\/archive.sana.sy\/es\/index.php?rest_route=\/wp\/v2\/posts\/176056\/revisions"}],"wp:featuredmedia":[{"embeddable":true,"href":"https:\/\/archive.sana.sy\/es\/index.php?rest_route=\/wp\/v2\/media\/176057"}],"wp:attachment":[{"href":"https:\/\/archive.sana.sy\/es\/index.php?rest_route=%2Fwp%2Fv2%2Fmedia&parent=176056"}],"wp:term":[{"taxonomy":"category","embeddable":true,"href":"https:\/\/archive.sana.sy\/es\/index.php?rest_route=%2Fwp%2Fv2%2Fcategories&post=176056"},{"taxonomy":"post_tag","embeddable":true,"href":"https:\/\/archive.sana.sy\/es\/index.php?rest_route=%2Fwp%2Fv2%2Ftags&post=176056"}],"curies":[{"name":"wp","href":"https:\/\/api.w.org\/{rel}","templated":true}]}}