{"id":176068,"date":"2021-04-13T21:44:10","date_gmt":"2021-04-13T18:44:10","guid":{"rendered":"http:\/\/107.6.182.27\/es\/?p=176068"},"modified":"2021-04-13T21:44:10","modified_gmt":"2021-04-13T18:44:10","slug":"wehbe-discute-con-el-embajador-abdel-karim-cuestiones-regionales","status":"publish","type":"post","link":"https:\/\/archive.sana.sy\/es\/?p=176068","title":{"rendered":"Wehbe discute con el embajador Abdel Karim cuestiones regionales"},"content":{"rendered":"<p><span style=\"color: #800000;\">Beirut, SANA<\/span><\/p>\n<p style=\"text-align: justify;\">El ministro de Asuntos Exteriores y Expatriados del Gobierno L\u00edbano interino, Charbel Wehbe, discuti\u00f3, este martes, con el embajador de Siria en L\u00edbano, Ali Abdel Karim Ali, las relaciones bilaterales entre los dos pa\u00edses y los \u00faltimos acontecimientos en la regi\u00f3n.<\/p>\n<p style=\"text-align: justify;\">\u201cDurante el encuentro se destac\u00f3 importancia de la coordinaci\u00f3n entre los dos pa\u00edses, especialmente con respecto al tema del retorno de los sirios desplazados a su tierra natal\u201d, dijo el embajador sirio.<\/p>\n<p style=\"text-align: justify;\">Asimismo, Abdel Karim explic\u00f3 que Siria apoya el regreso de todos sus ciudadanos, y ha proporcionado todas las facilidades y garant\u00edas posibles para su retorno.<\/p>\n<p><em>mm<\/em><\/p>\n","protected":false},"excerpt":{"rendered":"<p>Beirut, SANA El ministro de Asuntos Exteriores y Expatriados del Gobierno L\u00edbano interino, Charbel Wehbe, discuti\u00f3, este martes, con el embajador de Siria en L\u00edbano, Ali Abdel Karim Ali, las relaciones bilaterales entre los dos pa\u00edses y los \u00faltimos acontecimientos en la regi\u00f3n. \u201cDurante el encuentro se destac\u00f3 importancia de la coordinaci\u00f3n entre los dos &hellip;<\/p>\n","protected":false},"author":36,"featured_media":176072,"comment_status":"closed","ping_status":"closed","sticky":false,"template":"","format":"standard","meta":{"footnotes":""},"categories":[597,467],"tags":[],"class_list":["post-176068","post","type-post","status-publish","format-standard","has-post-thumbnail","","category-cinta-de-noticias","category-siria-y-el-mundo"],"_links":{"self":[{"href":"https:\/\/archive.sana.sy\/es\/index.php?rest_route=\/wp\/v2\/posts\/176068"}],"collection":[{"href":"https:\/\/archive.sana.sy\/es\/index.php?rest_route=\/wp\/v2\/posts"}],"about":[{"href":"https:\/\/archive.sana.sy\/es\/index.php?rest_route=\/wp\/v2\/types\/post"}],"author":[{"embeddable":true,"href":"https:\/\/archive.sana.sy\/es\/index.php?rest_route=\/wp\/v2\/users\/36"}],"replies":[{"embeddable":true,"href":"https:\/\/archive.sana.sy\/es\/index.php?rest_route=%2Fwp%2Fv2%2Fcomments&post=176068"}],"version-history":[{"count":0,"href":"https:\/\/archive.sana.sy\/es\/index.php?rest_route=\/wp\/v2\/posts\/176068\/revisions"}],"wp:featuredmedia":[{"embeddable":true,"href":"https:\/\/archive.sana.sy\/es\/index.php?rest_route=\/wp\/v2\/media\/176072"}],"wp:attachment":[{"href":"https:\/\/archive.sana.sy\/es\/index.php?rest_route=%2Fwp%2Fv2%2Fmedia&parent=176068"}],"wp:term":[{"taxonomy":"category","embeddable":true,"href":"https:\/\/archive.sana.sy\/es\/index.php?rest_route=%2Fwp%2Fv2%2Fcategories&post=176068"},{"taxonomy":"post_tag","embeddable":true,"href":"https:\/\/archive.sana.sy\/es\/index.php?rest_route=%2Fwp%2Fv2%2Ftags&post=176068"}],"curies":[{"name":"wp","href":"https:\/\/api.w.org\/{rel}","templated":true}]}}