{"id":176069,"date":"2021-04-13T21:37:24","date_gmt":"2021-04-13T18:37:24","guid":{"rendered":"http:\/\/107.6.182.27\/es\/?p=176069"},"modified":"2023-01-12T14:41:35","modified_gmt":"2023-01-12T12:41:35","slug":"putin-y-biden-discuten-por-telefono-relaciones-bilaterales","status":"publish","type":"post","link":"https:\/\/archive.sana.sy\/es\/?p=176069","title":{"rendered":"Putin y Biden discuten por tel\u00e9fono relaciones bilaterales"},"content":{"rendered":"<p><span style=\"color: #800000;\">Mosc\u00fa, SANA<\/span><\/p>\n<p style=\"text-align: justify;\">El presidente ruso, Vladimir Putin, convers\u00f3 con el presidente estadounidense, Joe Biden, durante una conversaci\u00f3n telef\u00f3nica sobre la situaci\u00f3n actual de las relaciones bilaterales entre los dos pa\u00edses.<\/p>\n<p style=\"text-align: justify;\">&#8221; Ambas partes expresaron su disposici\u00f3n de continuar el di\u00e1logo sobre los principales temas relacionados con la garant\u00eda de la seguridad global, algo que corresponde no solo a los intereses de Rusia y EEUU&#8221;, destaca el comunicado emitido por el Kremlin.<\/p>\n<p style=\"text-align: justify;\">La nota se\u00f1al\u00f3 que se intercambiaron puntos de vista entre ambos mandatarios sobre la crisis interna de Ucrania, donde Putin determin\u00f3 enfoques para el arreglo pol\u00edtico sobre la base del paquete de medidas de Minsk, y se acord\u00f3 encargar a los departamentos relevantes trabajar sobre los temas discutidos.<\/p>\n<p style=\"text-align: justify;\">A su vez, Biden manifest\u00f3 su inter\u00e9s en normalizar la situaci\u00f3n entre los dos pa\u00edses, establecer una interacci\u00f3n estable y asegurar la estabilidad estrat\u00e9gica, y propuso celebrar una cumbre entre los dos presidentes en un futuro cercano.<\/p>\n<p style=\"text-align: justify;\">Recientemente, las relaciones ruso-estadounidenses han sido testigos de una nueva tensi\u00f3n despu\u00e9s de que Biden acus\u00f3 a Putin en una entrevista televisiva de intentar influir en los resultados de las recientes elecciones presidenciales de Estados Unidos.<\/p>\n<p><em>mm<\/em><\/p>\n","protected":false},"excerpt":{"rendered":"<p>Mosc\u00fa, SANA El presidente ruso, Vladimir Putin, convers\u00f3 con el presidente estadounidense, Joe Biden, durante una conversaci\u00f3n telef\u00f3nica sobre la situaci\u00f3n actual de las relaciones bilaterales entre los dos pa\u00edses. &#8221; Ambas partes expresaron su disposici\u00f3n de continuar el di\u00e1logo sobre los principales temas relacionados con la garant\u00eda de la seguridad global, algo que corresponde &hellip;<\/p>\n","protected":false},"author":36,"featured_media":176070,"comment_status":"closed","ping_status":"closed","sticky":false,"template":"","format":"standard","meta":{"footnotes":""},"categories":[597,456,457],"tags":[],"class_list":["post-176069","post","type-post","status-publish","format-standard","has-post-thumbnail","","category-cinta-de-noticias","category-arabe-internacional-politica","category-noticias-arabe-internacional-politica"],"_links":{"self":[{"href":"https:\/\/archive.sana.sy\/es\/index.php?rest_route=\/wp\/v2\/posts\/176069"}],"collection":[{"href":"https:\/\/archive.sana.sy\/es\/index.php?rest_route=\/wp\/v2\/posts"}],"about":[{"href":"https:\/\/archive.sana.sy\/es\/index.php?rest_route=\/wp\/v2\/types\/post"}],"author":[{"embeddable":true,"href":"https:\/\/archive.sana.sy\/es\/index.php?rest_route=\/wp\/v2\/users\/36"}],"replies":[{"embeddable":true,"href":"https:\/\/archive.sana.sy\/es\/index.php?rest_route=%2Fwp%2Fv2%2Fcomments&post=176069"}],"version-history":[{"count":0,"href":"https:\/\/archive.sana.sy\/es\/index.php?rest_route=\/wp\/v2\/posts\/176069\/revisions"}],"wp:featuredmedia":[{"embeddable":true,"href":"https:\/\/archive.sana.sy\/es\/index.php?rest_route=\/wp\/v2\/media\/176070"}],"wp:attachment":[{"href":"https:\/\/archive.sana.sy\/es\/index.php?rest_route=%2Fwp%2Fv2%2Fmedia&parent=176069"}],"wp:term":[{"taxonomy":"category","embeddable":true,"href":"https:\/\/archive.sana.sy\/es\/index.php?rest_route=%2Fwp%2Fv2%2Fcategories&post=176069"},{"taxonomy":"post_tag","embeddable":true,"href":"https:\/\/archive.sana.sy\/es\/index.php?rest_route=%2Fwp%2Fv2%2Ftags&post=176069"}],"curies":[{"name":"wp","href":"https:\/\/api.w.org\/{rel}","templated":true}]}}