{"id":176084,"date":"2021-04-14T01:08:26","date_gmt":"2021-04-13T22:08:26","guid":{"rendered":"http:\/\/107.6.182.27\/es\/?p=176084"},"modified":"2023-01-12T14:41:34","modified_gmt":"2023-01-12T12:41:34","slug":"atacan-centro-de-informacion-y-espionaje-del-mossad-israeli-en-el-norte-de-iraq","status":"publish","type":"post","link":"https:\/\/archive.sana.sy\/es\/?p=176084","title":{"rendered":"Atacan centro de informaci\u00f3n y espionaje del Mossad israel\u00ed en el norte de Iraq"},"content":{"rendered":"<p style=\"text-align: justify;\"><span style=\"color: #800000;\"><strong>Bagdad, SANA<\/strong><\/span><\/p>\n<p style=\"text-align: justify;\">Medios de prensa informaron que un centro de informaci\u00f3n y operaciones de espionaje de la inteligencia israel\u00ed &#8220;Mossad&#8221; fue atacado en el norte de Iraq.<\/p>\n<p style=\"text-align: justify;\">La agencia de noticias Fars cit\u00f3 fuentes que calific\u00f3 de no oficiales, diciendo que &#8220;el ataque caus\u00f3 la muerte de y heridas de varios integrantes de las fuerzas de ocupaci\u00f3n israel\u00edes&#8221;.<\/p>\n<p style=\"text-align: justify;\">Asimismo, describieron el ataque al centro de informaci\u00f3n del Mossad como un &#8220;golpe serio&#8221; al ente israel\u00ed, y se\u00f1alaron que hay detalles adicionales sobre la operaci\u00f3n que se anunciar\u00e1n m\u00e1s adelante.<\/p>\n<p style=\"text-align: justify;\"><span style=\"color: #0000ff;\"><strong>fm<\/strong><\/span><\/p>\n","protected":false},"excerpt":{"rendered":"<p>Bagdad, SANA Medios de prensa informaron que un centro de informaci\u00f3n y operaciones de espionaje de la inteligencia israel\u00ed &#8220;Mossad&#8221; fue atacado en el norte de Iraq. La agencia de noticias Fars cit\u00f3 fuentes que calific\u00f3 de no oficiales, diciendo que &#8220;el ataque caus\u00f3 la muerte de y heridas de varios integrantes de las fuerzas &hellip;<\/p>\n","protected":false},"author":34,"featured_media":176085,"comment_status":"closed","ping_status":"closed","sticky":false,"template":"","format":"standard","meta":{"footnotes":""},"categories":[597,456,7541],"tags":[],"class_list":["post-176084","post","type-post","status-publish","format-standard","has-post-thumbnail","","category-cinta-de-noticias","category-arabe-internacional-politica","category-ultimas-noticias"],"_links":{"self":[{"href":"https:\/\/archive.sana.sy\/es\/index.php?rest_route=\/wp\/v2\/posts\/176084"}],"collection":[{"href":"https:\/\/archive.sana.sy\/es\/index.php?rest_route=\/wp\/v2\/posts"}],"about":[{"href":"https:\/\/archive.sana.sy\/es\/index.php?rest_route=\/wp\/v2\/types\/post"}],"author":[{"embeddable":true,"href":"https:\/\/archive.sana.sy\/es\/index.php?rest_route=\/wp\/v2\/users\/34"}],"replies":[{"embeddable":true,"href":"https:\/\/archive.sana.sy\/es\/index.php?rest_route=%2Fwp%2Fv2%2Fcomments&post=176084"}],"version-history":[{"count":0,"href":"https:\/\/archive.sana.sy\/es\/index.php?rest_route=\/wp\/v2\/posts\/176084\/revisions"}],"wp:featuredmedia":[{"embeddable":true,"href":"https:\/\/archive.sana.sy\/es\/index.php?rest_route=\/wp\/v2\/media\/176085"}],"wp:attachment":[{"href":"https:\/\/archive.sana.sy\/es\/index.php?rest_route=%2Fwp%2Fv2%2Fmedia&parent=176084"}],"wp:term":[{"taxonomy":"category","embeddable":true,"href":"https:\/\/archive.sana.sy\/es\/index.php?rest_route=%2Fwp%2Fv2%2Fcategories&post=176084"},{"taxonomy":"post_tag","embeddable":true,"href":"https:\/\/archive.sana.sy\/es\/index.php?rest_route=%2Fwp%2Fv2%2Ftags&post=176084"}],"curies":[{"name":"wp","href":"https:\/\/api.w.org\/{rel}","templated":true}]}}