{"id":176238,"date":"2021-04-15T13:39:10","date_gmt":"2021-04-15T10:39:10","guid":{"rendered":"http:\/\/107.6.182.27\/es\/?p=176238"},"modified":"2023-01-10T14:29:23","modified_gmt":"2023-01-10T12:29:23","slug":"manifestaciones-populares-contra-las-practicas-de-la-milicia-fds-en-tal-hamis-hasakeh","status":"publish","type":"post","link":"https:\/\/archive.sana.sy\/es\/?p=176238","title":{"rendered":"Manifestaciones populares contra las pr\u00e1cticas de la milicia FDS en Tal Hamis\/Hasakeh"},"content":{"rendered":"<p style=\"text-align: justify;\"><span style=\"color: #800000;\"><strong>Hasakeh, SANA<\/strong><\/span><\/p>\n<p style=\"text-align: justify;\">La ciudad de Tal Hamis en la provincia presenci\u00f3 una protesta popular contra las pr\u00e1cticas de la milicia separatista proestadounidense FDS.<\/p>\n<p style=\"text-align: justify;\">Fuentes civiles informaron al corresponsal de SANA que la poblaci\u00f3n los manifestantes protestaron contra las pr\u00e1cticas represivas de FDS e impedir que los lugare\u00f1os obtengan su pan.<\/p>\n<p style=\"text-align: justify;\">\nLos manifestantes bloquearon las calles y las carreteras con piedras y neum\u00e1ticos y corearon consignas que exigen la expulsi\u00f3n de las milicias y cerrar sus sedes en el poblado.<\/p>\n<p style=\"text-align: justify;\"><span style=\"color: #0000ff;\"><strong>fm\/ed<\/strong><\/span><\/p>\n","protected":false},"excerpt":{"rendered":"<p>Hasakeh, SANA La ciudad de Tal Hamis en la provincia presenci\u00f3 una protesta popular contra las pr\u00e1cticas de la milicia separatista proestadounidense FDS. Fuentes civiles informaron al corresponsal de SANA que la poblaci\u00f3n los manifestantes protestaron contra las pr\u00e1cticas represivas de FDS e impedir que los lugare\u00f1os obtengan su pan. Los manifestantes bloquearon las calles &hellip;<\/p>\n","protected":false},"author":32,"featured_media":165172,"comment_status":"closed","ping_status":"closed","sticky":false,"template":"","format":"standard","meta":{"footnotes":""},"categories":[477,447,597,573,476,7541],"tags":[],"class_list":["post-176238","post","type-post","status-publish","format-standard","has-post-thumbnail","","category-noticias-edulcorantes","category-local-politica","category-cinta-de-noticias","category-la-realidad-de-los-acontecimientos-en-siria","category-locales","category-ultimas-noticias"],"_links":{"self":[{"href":"https:\/\/archive.sana.sy\/es\/index.php?rest_route=\/wp\/v2\/posts\/176238"}],"collection":[{"href":"https:\/\/archive.sana.sy\/es\/index.php?rest_route=\/wp\/v2\/posts"}],"about":[{"href":"https:\/\/archive.sana.sy\/es\/index.php?rest_route=\/wp\/v2\/types\/post"}],"author":[{"embeddable":true,"href":"https:\/\/archive.sana.sy\/es\/index.php?rest_route=\/wp\/v2\/users\/32"}],"replies":[{"embeddable":true,"href":"https:\/\/archive.sana.sy\/es\/index.php?rest_route=%2Fwp%2Fv2%2Fcomments&post=176238"}],"version-history":[{"count":0,"href":"https:\/\/archive.sana.sy\/es\/index.php?rest_route=\/wp\/v2\/posts\/176238\/revisions"}],"wp:featuredmedia":[{"embeddable":true,"href":"https:\/\/archive.sana.sy\/es\/index.php?rest_route=\/wp\/v2\/media\/165172"}],"wp:attachment":[{"href":"https:\/\/archive.sana.sy\/es\/index.php?rest_route=%2Fwp%2Fv2%2Fmedia&parent=176238"}],"wp:term":[{"taxonomy":"category","embeddable":true,"href":"https:\/\/archive.sana.sy\/es\/index.php?rest_route=%2Fwp%2Fv2%2Fcategories&post=176238"},{"taxonomy":"post_tag","embeddable":true,"href":"https:\/\/archive.sana.sy\/es\/index.php?rest_route=%2Fwp%2Fv2%2Ftags&post=176238"}],"curies":[{"name":"wp","href":"https:\/\/api.w.org\/{rel}","templated":true}]}}