{"id":176240,"date":"2021-04-15T15:53:18","date_gmt":"2021-04-15T12:53:18","guid":{"rendered":"http:\/\/107.6.182.27\/es\/?p=176240"},"modified":"2021-04-15T17:24:47","modified_gmt":"2021-04-15T14:24:47","slug":"siria-y-pakistan-apuestan-por-impulsar-cooperacion-en-varios-campos","status":"publish","type":"post","link":"https:\/\/archive.sana.sy\/es\/?p=176240","title":{"rendered":"Siria y Pakist\u00e1n apuestan por impulsar cooperaci\u00f3n en varios campos"},"content":{"rendered":"<p style=\"text-align: justify;\"><span style=\"color: #800000;\"><strong>Damasco, SANA<\/strong><\/span><\/p>\n<p style=\"text-align: justify;\">El Primer Ministro, Hussein Arnous, destac\u00f3 la importancia de fortalecer las relaciones sirio-pakistan\u00ed y dar seguimiento a los diferentes aspectos de cooperaci\u00f3n econ\u00f3mica y comercial en beneficio de los intereses de los dos pa\u00edses.<\/p>\n<p style=\"text-align: justify;\">Durante su encuentro con el embajador de la Rep\u00fablica Isl\u00e1mica de Pakist\u00e1n en Damasco, Saeed Muhammad Khan, Arnous ratific\u00f3 el deseo de Siria de impulsar las relaciones bilaterales en varios campos, y resalt\u00f3 las hist\u00f3ricas y fraternales relaciones y los intereses comunes que unen los dos pueblos amigos.<\/p>\n<p style=\"text-align: justify;\">El jefe del Ejecutivo expres\u00f3 su agradecimiento y aprecio al Gobierno y pueblo de Pakist\u00e1n por el apoyo brindado a Siria en su guerra contra el terrorismo.<\/p>\n<p style=\"text-align: justify;\">Por su parte, el embajador Khan afirm\u00f3 que Islam Abad seguir\u00e1 brindando apoyo al pueblo sirio.<br \/>\nSe\u00f1al\u00f3 que su pa\u00eds tiene la voluntad de fortalecer las relaciones bilaterales en varios campos, y expres\u00f3 su felicidad por ver a Siria recuper\u00e1ndose en los diferentes campos.<\/p>\n<p style=\"text-align: justify;\"><span style=\"color: #0000ff;\"><strong>sm\/fm<\/strong><\/span><\/p>\n","protected":false},"excerpt":{"rendered":"<p>Damasco, SANA El Primer Ministro, Hussein Arnous, destac\u00f3 la importancia de fortalecer las relaciones sirio-pakistan\u00ed y dar seguimiento a los diferentes aspectos de cooperaci\u00f3n econ\u00f3mica y comercial en beneficio de los intereses de los dos pa\u00edses. Durante su encuentro con el embajador de la Rep\u00fablica Isl\u00e1mica de Pakist\u00e1n en Damasco, Saeed Muhammad Khan, Arnous ratific\u00f3 &hellip;<\/p>\n","protected":false},"author":39,"featured_media":176241,"comment_status":"closed","ping_status":"closed","sticky":false,"template":"","format":"standard","meta":{"footnotes":""},"categories":[477,597,476,467,7541],"tags":[],"class_list":["post-176240","post","type-post","status-publish","format-standard","has-post-thumbnail","","category-noticias-edulcorantes","category-cinta-de-noticias","category-locales","category-siria-y-el-mundo","category-ultimas-noticias"],"_links":{"self":[{"href":"https:\/\/archive.sana.sy\/es\/index.php?rest_route=\/wp\/v2\/posts\/176240"}],"collection":[{"href":"https:\/\/archive.sana.sy\/es\/index.php?rest_route=\/wp\/v2\/posts"}],"about":[{"href":"https:\/\/archive.sana.sy\/es\/index.php?rest_route=\/wp\/v2\/types\/post"}],"author":[{"embeddable":true,"href":"https:\/\/archive.sana.sy\/es\/index.php?rest_route=\/wp\/v2\/users\/39"}],"replies":[{"embeddable":true,"href":"https:\/\/archive.sana.sy\/es\/index.php?rest_route=%2Fwp%2Fv2%2Fcomments&post=176240"}],"version-history":[{"count":0,"href":"https:\/\/archive.sana.sy\/es\/index.php?rest_route=\/wp\/v2\/posts\/176240\/revisions"}],"wp:featuredmedia":[{"embeddable":true,"href":"https:\/\/archive.sana.sy\/es\/index.php?rest_route=\/wp\/v2\/media\/176241"}],"wp:attachment":[{"href":"https:\/\/archive.sana.sy\/es\/index.php?rest_route=%2Fwp%2Fv2%2Fmedia&parent=176240"}],"wp:term":[{"taxonomy":"category","embeddable":true,"href":"https:\/\/archive.sana.sy\/es\/index.php?rest_route=%2Fwp%2Fv2%2Fcategories&post=176240"},{"taxonomy":"post_tag","embeddable":true,"href":"https:\/\/archive.sana.sy\/es\/index.php?rest_route=%2Fwp%2Fv2%2Ftags&post=176240"}],"curies":[{"name":"wp","href":"https:\/\/api.w.org\/{rel}","templated":true}]}}