{"id":176254,"date":"2021-04-15T16:17:12","date_gmt":"2021-04-15T13:17:12","guid":{"rendered":"http:\/\/107.6.182.27\/es\/?p=176254"},"modified":"2021-04-15T16:32:57","modified_gmt":"2021-04-15T13:32:57","slug":"siria-condena-energicamente-la-cobarde-accion-terrorista-contra-la-instalacion-irani-de-natanz-y-el-ataque-al-buque-irani-saviz-frente-a-las-costas-de-eritrea-sepa-mas-http-www-sana-sy-es","status":"publish","type":"post","link":"https:\/\/archive.sana.sy\/es\/?p=176254","title":{"rendered":"Siria condena en\u00e9rgicamente la cobarde acci\u00f3n terrorista contra la instalaci\u00f3n iran\u00ed de Natanz y el ataque al buque iran\u00ed Saviz frente a las costas de Eritrea."},"content":{"rendered":"","protected":false},"excerpt":{"rendered":"","protected":false},"author":39,"featured_media":0,"comment_status":"closed","ping_status":"closed","sticky":false,"template":"","format":"standard","meta":{"footnotes":""},"categories":[596],"tags":[],"class_list":["post-176254","post","type-post","status-publish","format-standard","","category-urgente"],"_links":{"self":[{"href":"https:\/\/archive.sana.sy\/es\/index.php?rest_route=\/wp\/v2\/posts\/176254"}],"collection":[{"href":"https:\/\/archive.sana.sy\/es\/index.php?rest_route=\/wp\/v2\/posts"}],"about":[{"href":"https:\/\/archive.sana.sy\/es\/index.php?rest_route=\/wp\/v2\/types\/post"}],"author":[{"embeddable":true,"href":"https:\/\/archive.sana.sy\/es\/index.php?rest_route=\/wp\/v2\/users\/39"}],"replies":[{"embeddable":true,"href":"https:\/\/archive.sana.sy\/es\/index.php?rest_route=%2Fwp%2Fv2%2Fcomments&post=176254"}],"version-history":[{"count":0,"href":"https:\/\/archive.sana.sy\/es\/index.php?rest_route=\/wp\/v2\/posts\/176254\/revisions"}],"wp:attachment":[{"href":"https:\/\/archive.sana.sy\/es\/index.php?rest_route=%2Fwp%2Fv2%2Fmedia&parent=176254"}],"wp:term":[{"taxonomy":"category","embeddable":true,"href":"https:\/\/archive.sana.sy\/es\/index.php?rest_route=%2Fwp%2Fv2%2Fcategories&post=176254"},{"taxonomy":"post_tag","embeddable":true,"href":"https:\/\/archive.sana.sy\/es\/index.php?rest_route=%2Fwp%2Fv2%2Ftags&post=176254"}],"curies":[{"name":"wp","href":"https:\/\/api.w.org\/{rel}","templated":true}]}}