{"id":176260,"date":"2021-04-15T16:59:40","date_gmt":"2021-04-15T13:59:40","guid":{"rendered":"http:\/\/107.6.182.27\/es\/?p=176260"},"modified":"2021-04-15T22:23:50","modified_gmt":"2021-04-15T19:23:50","slug":"siria-condena-ataques-contra-intereses-iranies-y-afirma-que-israel-esta-detras-de-ellos","status":"publish","type":"post","link":"https:\/\/archive.sana.sy\/es\/?p=176260","title":{"rendered":"Siria condena ataques contra intereses iran\u00edes y afirma que \u201cIsrael\u201d est\u00e1 detr\u00e1s de ellos"},"content":{"rendered":"<p style=\"text-align: justify;\"><span style=\"color: #800000;\"><strong>Damasco, SANA<\/strong><\/span><\/p>\n<p style=\"text-align: justify;\">El Ministerio de Exteriores y Expatriados de Siria conden\u00f3 en\u00e9rgicamente la cobarde acci\u00f3n terrorista contra la instalaci\u00f3n iran\u00ed de Natanz y el ataque al buque iran\u00ed Saviz frente a las costas de Eritrea.<\/p>\n<p style=\"text-align: justify;\">Todas las evidencias indican que el ente sionista est\u00e1 detr\u00e1s de estos despreciables atentados, con el objetivo de confundir y entorpecer las negociaciones en curso sobre el expediente nuclear\u201d, afirm\u00f3 Canciller\u00eda en una declaraci\u00f3n emitida hoy.<\/p>\n<p style=\"text-align: justify;\">La nota destac\u00f3 que estos ataques aumentar\u00e1n la fuerza de la postura justa de Ir\u00e1n y no afectar\u00e1n las capacidades industriales de Ir\u00e1n.<\/p>\n<p style=\"text-align: justify;\">\u201cEsta agresi\u00f3n muestra inequ\u00edvocamente la incapacidad de los enemigos de Ir\u00e1n para detener el desarrollo de industrias pac\u00edficas y otras potencialidades cient\u00edficas\u201d, remarc\u00f3 .<\/p>\n<p style=\"text-align: justify;\">Canciller\u00eda concluy\u00f3 su declaraci\u00f3n con reiterar el apoyo y la solidaridad con la Rep\u00fablica Isl\u00e1mica de Ir\u00e1n para hacer frente a esos ataques y en la defensa de sus intereses y el logro de m\u00e1s avance cient\u00edfico y tecnol\u00f3gico.<\/p>\n<p style=\"text-align: justify;\"><strong><span style=\"color: #0000ff;\">fm\/sm<\/span><\/strong><\/p>\n","protected":false},"excerpt":{"rendered":"<p>Damasco, SANA El Ministerio de Exteriores y Expatriados de Siria conden\u00f3 en\u00e9rgicamente la cobarde acci\u00f3n terrorista contra la instalaci\u00f3n iran\u00ed de Natanz y el ataque al buque iran\u00ed Saviz frente a las costas de Eritrea. Todas las evidencias indican que el ente sionista est\u00e1 detr\u00e1s de estos despreciables atentados, con el objetivo de confundir y &hellip;<\/p>\n","protected":false},"author":39,"featured_media":176261,"comment_status":"closed","ping_status":"closed","sticky":false,"template":"","format":"standard","meta":{"footnotes":""},"categories":[597,467,7541],"tags":[],"class_list":["post-176260","post","type-post","status-publish","format-standard","has-post-thumbnail","","category-cinta-de-noticias","category-siria-y-el-mundo","category-ultimas-noticias"],"_links":{"self":[{"href":"https:\/\/archive.sana.sy\/es\/index.php?rest_route=\/wp\/v2\/posts\/176260"}],"collection":[{"href":"https:\/\/archive.sana.sy\/es\/index.php?rest_route=\/wp\/v2\/posts"}],"about":[{"href":"https:\/\/archive.sana.sy\/es\/index.php?rest_route=\/wp\/v2\/types\/post"}],"author":[{"embeddable":true,"href":"https:\/\/archive.sana.sy\/es\/index.php?rest_route=\/wp\/v2\/users\/39"}],"replies":[{"embeddable":true,"href":"https:\/\/archive.sana.sy\/es\/index.php?rest_route=%2Fwp%2Fv2%2Fcomments&post=176260"}],"version-history":[{"count":0,"href":"https:\/\/archive.sana.sy\/es\/index.php?rest_route=\/wp\/v2\/posts\/176260\/revisions"}],"wp:featuredmedia":[{"embeddable":true,"href":"https:\/\/archive.sana.sy\/es\/index.php?rest_route=\/wp\/v2\/media\/176261"}],"wp:attachment":[{"href":"https:\/\/archive.sana.sy\/es\/index.php?rest_route=%2Fwp%2Fv2%2Fmedia&parent=176260"}],"wp:term":[{"taxonomy":"category","embeddable":true,"href":"https:\/\/archive.sana.sy\/es\/index.php?rest_route=%2Fwp%2Fv2%2Fcategories&post=176260"},{"taxonomy":"post_tag","embeddable":true,"href":"https:\/\/archive.sana.sy\/es\/index.php?rest_route=%2Fwp%2Fv2%2Ftags&post=176260"}],"curies":[{"name":"wp","href":"https:\/\/api.w.org\/{rel}","templated":true}]}}