{"id":176295,"date":"2021-04-15T21:26:33","date_gmt":"2021-04-15T18:26:33","guid":{"rendered":"http:\/\/107.6.182.27\/es\/?p=176295"},"modified":"2021-04-15T21:26:48","modified_gmt":"2021-04-15T18:26:48","slug":"siria-rechaza-informe-de-ue-sobre-uso-de-armas-quimicas","status":"publish","type":"post","link":"https:\/\/archive.sana.sy\/es\/?p=176295","title":{"rendered":"Siria rechaza informe de UE sobre uso de armas qu\u00edmicas"},"content":{"rendered":"<p style=\"text-align: justify;\"><span style=\"color: #800000;\"><strong>Damasco, SANA<\/strong><\/span><\/p>\n<p style=\"text-align: justify;\">Siria denunci\u00f3 la declaraci\u00f3n del Alto Representante para Asuntos Exteriores y Pol\u00edtica de Seguridad de la Uni\u00f3n Europea sobre el informe emitido por la Organizaci\u00f3n para la Prohibici\u00f3n de las Armas Qu\u00edmicas sobre el presunto incidente de Saraqib y lo rechaza en forma y contenido.<\/p>\n<p style=\"text-align: justify;\">Afirma que est\u00e1 lleno de falsedades y posiciones alejadas de la l\u00f3gica y la realidad, y muestra el grado de participaci\u00f3n de algunos pa\u00edses de la UE en la fabricaci\u00f3n de uso de armas qu\u00edmicas en Siria.<\/p>\n<p style=\"text-align: justify;\">La Canciller\u00eda siria inform\u00f3 que esta declaraci\u00f3n est\u00e1 llena de falsedades y posturas alejadas de la l\u00f3gica y la realidad, y resalta el enfoque agresivo de incitaci\u00f3n que viene haciendo la UE durante los \u00faltimos diez a\u00f1os contra Siria.<\/p>\n<p style=\"text-align: justify;\">Continu\u00f3 que el apoyo ciego a lo declarado en este informe es una prueba de la enorme participaci\u00f3n de algunos pa\u00edses conocidos de la UE en la fabricaci\u00f3n de dramas sobre el uso de armas qu\u00edmicas en Siria con el fin de acusar al gobierno sirio de ello y mantener la acusaci\u00f3n alejada de los verdaderos criminales representados por los grupos terroristas y el grupo de los (Cascos Blancos), que durante todo el per\u00edodo de la crisis en Siria se transformaron en herramientas para que algunos pa\u00edses de la Uni\u00f3n Europea, los Estados Unidos de Am\u00e9rica, Turqu\u00eda y otros pa\u00edses cometan los cr\u00edmenes m\u00e1s atroces contra los ni\u00f1os de Siria y su ej\u00e9rcito.<\/p>\n<p style=\"text-align: justify;\">El Ministerio se\u00f1al\u00f3 que el informe es un m\u00e9todo abierto destinado a justificar la guerra terrorista en Siria, esta guerra es apoyada por algunos pa\u00edses de la Uni\u00f3n.<\/p>\n<p style=\"text-align: justify;\">\u201cHa llegado el momento de que la Uni\u00f3n Europea deje de interferir en los asuntos internos de los pa\u00edses y respete la soberan\u00eda e independencia de Siria.\u201d<\/p>\n<p style=\"text-align: justify;\">Concluy\u00f3 que Siria afirma al respecto que no us\u00f3 armas qu\u00edmicas en Saraqib ni en ninguna otra zona del pa\u00eds, y no us\u00f3 este tipo de armas porque ya no la posee, y al mismo tiempo, Siria rechaza el uso de esta arma en cualquier lugar y por cualquier parte y bajo cualquier circunstancia.<\/p>\n<p style=\"text-align: justify;\"><strong><span style=\"color: #0000ff;\">sm\/rsh<\/span><\/strong><\/p>\n","protected":false},"excerpt":{"rendered":"<p>Damasco, SANA Siria denunci\u00f3 la declaraci\u00f3n del Alto Representante para Asuntos Exteriores y Pol\u00edtica de Seguridad de la Uni\u00f3n Europea sobre el informe emitido por la Organizaci\u00f3n para la Prohibici\u00f3n de las Armas Qu\u00edmicas sobre el presunto incidente de Saraqib y lo rechaza en forma y contenido. Afirma que est\u00e1 lleno de falsedades y posiciones &hellip;<\/p>\n","protected":false},"author":39,"featured_media":176300,"comment_status":"closed","ping_status":"closed","sticky":false,"template":"","format":"standard","meta":{"footnotes":""},"categories":[597,476,583],"tags":[],"class_list":["post-176295","post","type-post","status-publish","format-standard","has-post-thumbnail","","category-cinta-de-noticias","category-locales","category-slide"],"_links":{"self":[{"href":"https:\/\/archive.sana.sy\/es\/index.php?rest_route=\/wp\/v2\/posts\/176295"}],"collection":[{"href":"https:\/\/archive.sana.sy\/es\/index.php?rest_route=\/wp\/v2\/posts"}],"about":[{"href":"https:\/\/archive.sana.sy\/es\/index.php?rest_route=\/wp\/v2\/types\/post"}],"author":[{"embeddable":true,"href":"https:\/\/archive.sana.sy\/es\/index.php?rest_route=\/wp\/v2\/users\/39"}],"replies":[{"embeddable":true,"href":"https:\/\/archive.sana.sy\/es\/index.php?rest_route=%2Fwp%2Fv2%2Fcomments&post=176295"}],"version-history":[{"count":0,"href":"https:\/\/archive.sana.sy\/es\/index.php?rest_route=\/wp\/v2\/posts\/176295\/revisions"}],"wp:featuredmedia":[{"embeddable":true,"href":"https:\/\/archive.sana.sy\/es\/index.php?rest_route=\/wp\/v2\/media\/176300"}],"wp:attachment":[{"href":"https:\/\/archive.sana.sy\/es\/index.php?rest_route=%2Fwp%2Fv2%2Fmedia&parent=176295"}],"wp:term":[{"taxonomy":"category","embeddable":true,"href":"https:\/\/archive.sana.sy\/es\/index.php?rest_route=%2Fwp%2Fv2%2Fcategories&post=176295"},{"taxonomy":"post_tag","embeddable":true,"href":"https:\/\/archive.sana.sy\/es\/index.php?rest_route=%2Fwp%2Fv2%2Ftags&post=176295"}],"curies":[{"name":"wp","href":"https:\/\/api.w.org\/{rel}","templated":true}]}}