{"id":176303,"date":"2021-04-15T22:03:32","date_gmt":"2021-04-15T19:03:32","guid":{"rendered":"http:\/\/107.6.182.27\/es\/?p=176303"},"modified":"2021-04-15T22:09:55","modified_gmt":"2021-04-15T19:09:55","slug":"una-sentada-solidaria-en-beirut-para-exigir-el-fin-del-embargo-a-siria","status":"publish","type":"post","link":"https:\/\/archive.sana.sy\/es\/?p=176303","title":{"rendered":"Una sentada solidaria en Beirut para exigir el fin del embargo a Siria"},"content":{"rendered":"<p style=\"text-align: justify;\"><span style=\"color: #800000;\"><strong>Beirut, SANA<\/strong><\/span><\/p>\n<p style=\"text-align: justify;\">Frente a la sede de Naciones Unidas en Beirut, se realiz\u00f3 una sentada de solidaridad con Siria y contra las injustas medidas econ\u00f3micas coercitivas estadounidenses y europeas impuestas al pueblo sirio.<\/p>\n<p style=\"text-align: justify;\">En el evento participaron figuras pol\u00edticas, religiosas, sociales, acad\u00e9micas, art\u00edsticas, estudiantiles y medi\u00e1ticas.<br \/>\nDurante la manifestaci\u00f3n se ley\u00f3 una carta firmada por miles de personalidades, en la cual exigen acabar de inmediato con todas las formas de bloqueo a Siria y L\u00edbano.<\/p>\n<p style=\"text-align: justify;\">La carta est\u00e1 dirigida al Papa del Vaticano, Francisco, al Secretario General de las Naciones Unidas, Antonio Guti\u00e9rrez, y a la Presidenta de la Comisi\u00f3n de la Uni\u00f3n Europea, Ursula von der Leyen.<\/p>\n<p style=\"text-align: justify;\">Los firmantes de la petici\u00f3n enfatizaron que el pueblo sirio que luch\u00f3 contra el terrorismo en nombre de toda la humanidad merece agradecimiento y elogio en lugar de las injustas sanciones y medidas coercitivas que se le imponen.<\/p>\n<p style=\"text-align: justify;\">&#8220;Cuando no pudieron lograr sus objetivos a trav\u00e9s de la guerra terrorista que lanzaron contra Siria, recurrieron a la guerra econ\u00f3mica a trav\u00e9s de leyes inhumanas destinadas a asediar y empobrecer al pueblo sirio, prevenir la reconstrucci\u00f3n y obstruir el regreso de los desplazados&#8221;, se\u00f1alaron.<\/p>\n<p style=\"text-align: justify;\">&#8220;Todas estas sanciones unilaterales se reflejan tanto en el L\u00edbano como en Siria, porque la salida natural y el pulm\u00f3n natural del L\u00edbano es Siria, y viceversa\u201d, afirmaron.<\/p>\n<p style=\"text-align: justify;\">Los firmantes de la petici\u00f3n llamaron a acelerar el apoyo al proceso de reconstrucci\u00f3n en Siria con el fin de estimular el regreso de los desplazados a sus hogares y brindarles oportunidades para una vida digna.<\/p>\n<p style=\"text-align: justify;\"><strong><span style=\"color: #0000ff;\">sm\/rsh<\/span><\/strong><\/p>\n<p style=\"padding-left: 40px;\"><img loading=\"lazy\" decoding=\"async\" class=\"alignnone wp-image-176307 size-full\" src=\"http:\/\/107.6.182.27\/es\/wp-content\/uploads\/2021\/04\/42-7.jpg\" alt=\"\" width=\"660\" height=\"370\" srcset=\"https:\/\/archive.sana.sy\/es\/wp-content\/uploads\/2021\/04\/42-7.jpg 660w, https:\/\/archive.sana.sy\/es\/wp-content\/uploads\/2021\/04\/42-7-300x168.jpg 300w, https:\/\/archive.sana.sy\/es\/wp-content\/uploads\/2021\/04\/42-7-150x84.jpg 150w\" sizes=\"(max-width: 660px) 100vw, 660px\" \/><\/p>\n","protected":false},"excerpt":{"rendered":"<p>Beirut, SANA Frente a la sede de Naciones Unidas en Beirut, se realiz\u00f3 una sentada de solidaridad con Siria y contra las injustas medidas econ\u00f3micas coercitivas estadounidenses y europeas impuestas al pueblo sirio. En el evento participaron figuras pol\u00edticas, religiosas, sociales, acad\u00e9micas, art\u00edsticas, estudiantiles y medi\u00e1ticas. Durante la manifestaci\u00f3n se ley\u00f3 una carta firmada por &hellip;<\/p>\n","protected":false},"author":39,"featured_media":176306,"comment_status":"closed","ping_status":"closed","sticky":false,"template":"","format":"standard","meta":{"footnotes":""},"categories":[597,467,7541],"tags":[],"class_list":["post-176303","post","type-post","status-publish","format-standard","has-post-thumbnail","","category-cinta-de-noticias","category-siria-y-el-mundo","category-ultimas-noticias"],"_links":{"self":[{"href":"https:\/\/archive.sana.sy\/es\/index.php?rest_route=\/wp\/v2\/posts\/176303"}],"collection":[{"href":"https:\/\/archive.sana.sy\/es\/index.php?rest_route=\/wp\/v2\/posts"}],"about":[{"href":"https:\/\/archive.sana.sy\/es\/index.php?rest_route=\/wp\/v2\/types\/post"}],"author":[{"embeddable":true,"href":"https:\/\/archive.sana.sy\/es\/index.php?rest_route=\/wp\/v2\/users\/39"}],"replies":[{"embeddable":true,"href":"https:\/\/archive.sana.sy\/es\/index.php?rest_route=%2Fwp%2Fv2%2Fcomments&post=176303"}],"version-history":[{"count":0,"href":"https:\/\/archive.sana.sy\/es\/index.php?rest_route=\/wp\/v2\/posts\/176303\/revisions"}],"wp:featuredmedia":[{"embeddable":true,"href":"https:\/\/archive.sana.sy\/es\/index.php?rest_route=\/wp\/v2\/media\/176306"}],"wp:attachment":[{"href":"https:\/\/archive.sana.sy\/es\/index.php?rest_route=%2Fwp%2Fv2%2Fmedia&parent=176303"}],"wp:term":[{"taxonomy":"category","embeddable":true,"href":"https:\/\/archive.sana.sy\/es\/index.php?rest_route=%2Fwp%2Fv2%2Fcategories&post=176303"},{"taxonomy":"post_tag","embeddable":true,"href":"https:\/\/archive.sana.sy\/es\/index.php?rest_route=%2Fwp%2Fv2%2Ftags&post=176303"}],"curies":[{"name":"wp","href":"https:\/\/api.w.org\/{rel}","templated":true}]}}