{"id":176310,"date":"2021-04-15T22:01:44","date_gmt":"2021-04-15T19:01:44","guid":{"rendered":"http:\/\/107.6.182.27\/es\/?p=176310"},"modified":"2023-01-10T15:14:20","modified_gmt":"2023-01-10T13:14:20","slug":"conversaciones-sirio-jordanas-para-reactivar-las-relaciones-economicas","status":"publish","type":"post","link":"https:\/\/archive.sana.sy\/es\/?p=176310","title":{"rendered":"Conversaciones sirio-jordanas para reactivar las relaciones econ\u00f3micas"},"content":{"rendered":"<p style=\"text-align: justify;\"><span style=\"color: #800000;\"><strong>Amm\u00e1n, SANA<\/strong><\/span><\/p>\n<p style=\"text-align: justify;\">El Embajador Issam Niyal, Encargado de Negocios de la Embajada de Siria en Jordania, examin\u00f3 con Fathi Al-Jaghbir, director de la C\u00e1mara de Industria de Jordania, las formas de fortalecer las relaciones econ\u00f3micas entre los dos pa\u00edses.<\/p>\n<p style=\"text-align: justify;\">En una declaraci\u00f3n de prensa, la C\u00e1mara inform\u00f3 que Al-Jaghbir resalt\u00f3 las hondas e hist\u00f3ricas relaciones fraternales que unen a los dos pueblos hermanos.<\/p>\n<p style=\"text-align: justify;\">Al-Jaghbir invit\u00f3 al jefe de la C\u00e1mara de Industria y Comercio de Damasco a visitar Jordania para discutir el establecimiento de una relaci\u00f3n econ\u00f3mica integral, y confirm\u00f3 que Jordania est\u00e1 preparando una delegaci\u00f3n industrial para visitar Siria.<\/p>\n<p style=\"text-align: justify;\">Por su parte, el Embajador Niyal expres\u00f3 el deseo de Siria de establecer una relaci\u00f3n econ\u00f3mica plena con Jordania, especialmente en el \u00e1mbito industrial.<\/p>\n<p style=\"text-align: justify;\"><strong><span style=\"color: #0000ff;\">sm\/rsh<\/span><\/strong><\/p>\n","protected":false},"excerpt":{"rendered":"<p>Amm\u00e1n, SANA El Embajador Issam Niyal, Encargado de Negocios de la Embajada de Siria en Jordania, examin\u00f3 con Fathi Al-Jaghbir, director de la C\u00e1mara de Industria de Jordania, las formas de fortalecer las relaciones econ\u00f3micas entre los dos pa\u00edses. En una declaraci\u00f3n de prensa, la C\u00e1mara inform\u00f3 que Al-Jaghbir resalt\u00f3 las hondas e hist\u00f3ricas relaciones &hellip;<\/p>\n","protected":false},"author":39,"featured_media":176318,"comment_status":"closed","ping_status":"closed","sticky":false,"template":"","format":"standard","meta":{"footnotes":""},"categories":[597,16686,485,467,7541],"tags":[18975],"class_list":["post-176310","post","type-post","status-publish","format-standard","has-post-thumbnail","","category-cinta-de-noticias","category-economia","category-informes-negocios-y-finanzas","category-siria-y-el-mundo","category-ultimas-noticias","tag-conversaciones-sirio-jordanas-para-reactivar-las-relaciones-economicas"],"_links":{"self":[{"href":"https:\/\/archive.sana.sy\/es\/index.php?rest_route=\/wp\/v2\/posts\/176310"}],"collection":[{"href":"https:\/\/archive.sana.sy\/es\/index.php?rest_route=\/wp\/v2\/posts"}],"about":[{"href":"https:\/\/archive.sana.sy\/es\/index.php?rest_route=\/wp\/v2\/types\/post"}],"author":[{"embeddable":true,"href":"https:\/\/archive.sana.sy\/es\/index.php?rest_route=\/wp\/v2\/users\/39"}],"replies":[{"embeddable":true,"href":"https:\/\/archive.sana.sy\/es\/index.php?rest_route=%2Fwp%2Fv2%2Fcomments&post=176310"}],"version-history":[{"count":0,"href":"https:\/\/archive.sana.sy\/es\/index.php?rest_route=\/wp\/v2\/posts\/176310\/revisions"}],"wp:featuredmedia":[{"embeddable":true,"href":"https:\/\/archive.sana.sy\/es\/index.php?rest_route=\/wp\/v2\/media\/176318"}],"wp:attachment":[{"href":"https:\/\/archive.sana.sy\/es\/index.php?rest_route=%2Fwp%2Fv2%2Fmedia&parent=176310"}],"wp:term":[{"taxonomy":"category","embeddable":true,"href":"https:\/\/archive.sana.sy\/es\/index.php?rest_route=%2Fwp%2Fv2%2Fcategories&post=176310"},{"taxonomy":"post_tag","embeddable":true,"href":"https:\/\/archive.sana.sy\/es\/index.php?rest_route=%2Fwp%2Fv2%2Ftags&post=176310"}],"curies":[{"name":"wp","href":"https:\/\/api.w.org\/{rel}","templated":true}]}}