{"id":176338,"date":"2021-04-15T22:32:54","date_gmt":"2021-04-15T19:32:54","guid":{"rendered":"http:\/\/107.6.182.27\/es\/?p=176338"},"modified":"2021-04-15T22:32:54","modified_gmt":"2021-04-15T19:32:54","slug":"dos-ciudadanos-muertos-y-12-heridos-en-explosion-de-mina-al-oeste-de-palmira","status":"publish","type":"post","link":"https:\/\/archive.sana.sy\/es\/?p=176338","title":{"rendered":"Dos ciudadanos muertos y 12 heridos en explosi\u00f3n de mina al oeste de Palmira"},"content":{"rendered":"<p style=\"text-align: justify;\"><span style=\"color: #800000;\"><strong>Palmira, SANA<\/strong><\/span><\/p>\n<p style=\"text-align: justify;\">Dos ciudadanos perdieron la vida y otros resultaron heridos hoy por explosi\u00f3n de una mina remanente de la organizaci\u00f3n terrorista Daesh al paso de su cami\u00f3n por la localidad de la presa de Wadi Abyad, a unos 25 km al noroeste de Palmira, mientras se dirig\u00edan a recoger trufas.<\/p>\n<p style=\"text-align: justify;\">\u201cUn cami\u00f3n que transportaba a 14 civiles, incluidos ni\u00f1os y mujeres, explot\u00f3 al pasar por encima de una mina terrestre matando a dos ciudadanos de unos 40 a\u00f1os e hiriendo a otros 12, incluidos ni\u00f1os y mujeres\u201d, dijo el director de la Autoridad General del Hospital Nacional de Palmira, Dr. Walid Odeh, al reportero de SANA.<\/p>\n<p style=\"text-align: justify;\">Odeh indic\u00f3 que los heridos fueron llevados al Hospital Nacional de Palmira, recibieron los primeros auxilios necesarios y luego fueron trasladados a hospitales en la provincia de Homs.<\/p>\n<p style=\"text-align: justify;\"><strong><span style=\"color: #0000ff;\">ah\/rsh<\/span><\/strong><\/p>\n","protected":false},"excerpt":{"rendered":"<p>Palmira, SANA Dos ciudadanos perdieron la vida y otros resultaron heridos hoy por explosi\u00f3n de una mina remanente de la organizaci\u00f3n terrorista Daesh al paso de su cami\u00f3n por la localidad de la presa de Wadi Abyad, a unos 25 km al noroeste de Palmira, mientras se dirig\u00edan a recoger trufas. \u201cUn cami\u00f3n que transportaba &hellip;<\/p>\n","protected":false},"author":30,"featured_media":136730,"comment_status":"closed","ping_status":"closed","sticky":false,"template":"","format":"standard","meta":{"footnotes":""},"categories":[597,573,7541],"tags":[18972],"class_list":["post-176338","post","type-post","status-publish","format-standard","has-post-thumbnail","","category-cinta-de-noticias","category-la-realidad-de-los-acontecimientos-en-siria","category-ultimas-noticias","tag-dos-ciudadanos-muertos-y-12-heridos-en-explosion-de-mina-al-oeste-de-palmira"],"_links":{"self":[{"href":"https:\/\/archive.sana.sy\/es\/index.php?rest_route=\/wp\/v2\/posts\/176338"}],"collection":[{"href":"https:\/\/archive.sana.sy\/es\/index.php?rest_route=\/wp\/v2\/posts"}],"about":[{"href":"https:\/\/archive.sana.sy\/es\/index.php?rest_route=\/wp\/v2\/types\/post"}],"author":[{"embeddable":true,"href":"https:\/\/archive.sana.sy\/es\/index.php?rest_route=\/wp\/v2\/users\/30"}],"replies":[{"embeddable":true,"href":"https:\/\/archive.sana.sy\/es\/index.php?rest_route=%2Fwp%2Fv2%2Fcomments&post=176338"}],"version-history":[{"count":0,"href":"https:\/\/archive.sana.sy\/es\/index.php?rest_route=\/wp\/v2\/posts\/176338\/revisions"}],"wp:featuredmedia":[{"embeddable":true,"href":"https:\/\/archive.sana.sy\/es\/index.php?rest_route=\/wp\/v2\/media\/136730"}],"wp:attachment":[{"href":"https:\/\/archive.sana.sy\/es\/index.php?rest_route=%2Fwp%2Fv2%2Fmedia&parent=176338"}],"wp:term":[{"taxonomy":"category","embeddable":true,"href":"https:\/\/archive.sana.sy\/es\/index.php?rest_route=%2Fwp%2Fv2%2Fcategories&post=176338"},{"taxonomy":"post_tag","embeddable":true,"href":"https:\/\/archive.sana.sy\/es\/index.php?rest_route=%2Fwp%2Fv2%2Ftags&post=176338"}],"curies":[{"name":"wp","href":"https:\/\/api.w.org\/{rel}","templated":true}]}}