{"id":176352,"date":"2021-04-15T16:37:53","date_gmt":"2021-04-15T13:37:53","guid":{"rendered":"http:\/\/107.6.182.27\/es\/?p=176352"},"modified":"2021-04-15T22:39:28","modified_gmt":"2021-04-15T19:39:28","slug":"enfrentamientos-entre-mercenarios-proturcos-en-al-bab","status":"publish","type":"post","link":"https:\/\/archive.sana.sy\/es\/?p=176352","title":{"rendered":"Enfrentamientos entre mercenarios proturcos en Al-Bab"},"content":{"rendered":"<p style=\"text-align: justify;\"><strong><span style=\"color: #800000;\">Alepo, SANA<\/span><\/strong><\/p>\n<p style=\"text-align: justify;\">Los combates se intensifican entre los mercenarios de la ocupaci\u00f3n turca en las \u00e1reas bajo su control en el campo de la provincia norte\u00f1a de Alepo.<\/p>\n<p style=\"text-align: justify;\">Fuentes locales informaron a SANA que un elemento de la llamada &#8220;Polic\u00eda de Efr\u00edn&#8221; fue asesinado por armados desconocidos en la ciudad de Al-Bab.<\/p>\n<p style=\"text-align: justify;\">Las fuentes indicaron que otro terrorista de las llamadas &#8220;Fuerzas de Polic\u00eda y Seguridad General&#8221; fue disparado en el campo nororiental de Alepo, lo cual provoc\u00f3 su muerte.<\/p>\n<p style=\"text-align: justify;\">Las zonas controladas por la ocupaci\u00f3n turca y sus mercenarios presencian un estado de caos y combates entre los mercenarios para repartir los bienes robados y saqueados a los civiles.<\/p>\n<p style=\"text-align: justify;\">Cabe se\u00f1alar que la ciudad de Al-Bab ha sido testigo de varias explosiones de coches y motos bombas durante los \u00faltimos meses.<\/p>\n<p style=\"text-align: justify;\"><strong><span style=\"color: #0000ff;\">sm\/rsh<\/span><\/strong><\/p>\n","protected":false},"excerpt":{"rendered":"<p>Alepo, SANA Los combates se intensifican entre los mercenarios de la ocupaci\u00f3n turca en las \u00e1reas bajo su control en el campo de la provincia norte\u00f1a de Alepo. Fuentes locales informaron a SANA que un elemento de la llamada &#8220;Polic\u00eda de Efr\u00edn&#8221; fue asesinado por armados desconocidos en la ciudad de Al-Bab. Las fuentes indicaron &hellip;<\/p>\n","protected":false},"author":39,"featured_media":176353,"comment_status":"closed","ping_status":"closed","sticky":false,"template":"","format":"standard","meta":{"footnotes":""},"categories":[477,597,573],"tags":[],"class_list":["post-176352","post","type-post","status-publish","format-standard","has-post-thumbnail","","category-noticias-edulcorantes","category-cinta-de-noticias","category-la-realidad-de-los-acontecimientos-en-siria"],"_links":{"self":[{"href":"https:\/\/archive.sana.sy\/es\/index.php?rest_route=\/wp\/v2\/posts\/176352"}],"collection":[{"href":"https:\/\/archive.sana.sy\/es\/index.php?rest_route=\/wp\/v2\/posts"}],"about":[{"href":"https:\/\/archive.sana.sy\/es\/index.php?rest_route=\/wp\/v2\/types\/post"}],"author":[{"embeddable":true,"href":"https:\/\/archive.sana.sy\/es\/index.php?rest_route=\/wp\/v2\/users\/39"}],"replies":[{"embeddable":true,"href":"https:\/\/archive.sana.sy\/es\/index.php?rest_route=%2Fwp%2Fv2%2Fcomments&post=176352"}],"version-history":[{"count":0,"href":"https:\/\/archive.sana.sy\/es\/index.php?rest_route=\/wp\/v2\/posts\/176352\/revisions"}],"wp:featuredmedia":[{"embeddable":true,"href":"https:\/\/archive.sana.sy\/es\/index.php?rest_route=\/wp\/v2\/media\/176353"}],"wp:attachment":[{"href":"https:\/\/archive.sana.sy\/es\/index.php?rest_route=%2Fwp%2Fv2%2Fmedia&parent=176352"}],"wp:term":[{"taxonomy":"category","embeddable":true,"href":"https:\/\/archive.sana.sy\/es\/index.php?rest_route=%2Fwp%2Fv2%2Fcategories&post=176352"},{"taxonomy":"post_tag","embeddable":true,"href":"https:\/\/archive.sana.sy\/es\/index.php?rest_route=%2Fwp%2Fv2%2Ftags&post=176352"}],"curies":[{"name":"wp","href":"https:\/\/api.w.org\/{rel}","templated":true}]}}